{"id":19825,"date":"2019-11-10T12:22:00","date_gmt":"2019-11-10T12:22:00","guid":{"rendered":""},"modified":"-0001-11-30T00:00:00","modified_gmt":"-0001-11-29T22:00:00","slug":"","status":"publish","type":"post","link":"https:\/\/shinbukan.hu\/?p=19825","title":{"rendered":"Iaido koryu szemin\u00e1rium (Stubnyaf\u00fcrd\u0151)"},"content":{"rendered":"<div>Hirtelen <b>november <\/b>lett. Vagy <a href=\"https:\/\/www.movember.com\/\" target=\"_blank\">Movember<\/a>? \u00cdgy ut\u00f3lag eg\u00e9szen biztos, hogy nem esett a h\u00f3, de Robinak bajusza (is) volt. \u00c9s p\u00f6d\u00f6rte&#8230;<\/div>\n<div><\/div>\n<div><img decoding=\"async\" src=\"letoltes\/1578\/20191108_142645.jpg\" width=\"100\" style=\"float:right;margin-left:20px\">De t\u00e9rj\u00fcnk vissza a t\u00f6rt\u00e9net\u00fcnk elej\u00e9re! A j\u00f6v\u0151b\u0151l \u00e9rkezett hibrid-<a href=\"https:\/\/totalcar.hu\/tesztek\/2019\/07\/17\/hasznaltteszt_mitsubishi_outlander_phev\/\" target=\"_blank\">t\u00f6lthet\u0151 villanyaut\u00f3<\/a>val indultunk \u00fatnak. Tal\u00e1ltam h\u00e1tul egy <a href=\"https:\/\/hu.wikipedia.org\/wiki\/T%C3%A1vkapcs\" target=\"_blank\">t\u00e1vir\u00e1ny\u00edt\u00f3t<\/a>, amellyel \u00e1t tudtam tekerni az utaz\u00e1s nagy r\u00e9sz\u00e9t, \u00edgy nagyon gyorsan \u00e9rkezt\u00fcnk meg a p\u00e9ntek d\u00e9lut\u00e1ni <b>titkos <\/b>gyakorl\u00e1s helysz\u00edn\u00e9re. \u00c9ppen kezdt\u00fcnk bemelegedni, amikor v\u00e9ge lett &#8211; lehet, hogy beragadt a t\u00e1vir\u00e1ny\u00edt\u00f3 gombja?<\/p>\n<\/div>\n<div>Ut\u00e1na csendben elgurultunk a patak el\u00e1gaz\u00e1sn\u00e1l fekv\u0151 kis h\u00e1zhoz.<\/div>\n<div><\/div>\n<div><\/div>\n<div>A men\u00fc.. nos, ism\u00e9t nagyszer\u0171 volt a <b>vacsora<\/b>, Robi \u00e9s Oliv\u00e9r sokat dolgozott.. az al\u00e1bbi k\u00e9pekkel \u00e9s egy perces csenddel \u00e1ll\u00edtunk eml\u00e9ket a s\u00fct\u0151t\u00f6k\u00f6s-r\u00e9p\u00e1s-gy\u00f6mb\u00e9res levesnek, a k\u00e1poszt\u00e1s kacsacombnak, \u00e9s a s\u00fctem\u00e9nyeknek:<\/p>\n<\/div>\n<div style=\"text-align: center;\"><img decoding=\"async\" src=\"letoltes\/1578\/20191108_200217.jpg\" width=\"400\">&nbsp;<img decoding=\"async\" src=\"letoltes\/1578\/20191108_201919.jpg\" width=\"400\"><\/div>\n<div style=\"text-align: center;\"><img decoding=\"async\" src=\"letoltes\/1578\/20191108_203701.jpg\" width=\"400\">&nbsp;<img decoding=\"async\" src=\"letoltes\/1578\/20191108_205341.jpg\" width=\"400\"><\/div>\n<div><\/div>\n<div>Ezek ut\u00e1n m\u00e9g \u00e9rkezett egy sz\u00fclet\u00e9snapi torta is, \u00e9s volt p\u00e1r&nbsp;&nbsp;<a href=\"javascript:kepablak('letoltes\/1578\/20191108_220052.jpg',596,1044);\">Fidorka<\/a>&nbsp;\u00e9s alkohol is, csak a rend kedv\u00e9\u00e9rt.&nbsp;<br \/>Az esti besz\u00e9lget\u00e9s r\u00e9szleteit itt nem olvashatj\u00e1tok.. <b>titkos<\/b>. Nagyon.<\/div>\n<div><\/div>\n<div>Reggel ism\u00e9t a terembe indultunk. A <b>hegyek <\/b>l\u00e1b\u00e1n\u00e1l (is) felh\u0151k \u00fasztak: ez a t\u00e1j tov\u00e1bbra is megunhatatlan \u00e9s gy\u00f6ny\u00f6r\u0171..<\/p>\n<p>\u00c9s elkezd\u0151d\u00f6tt! \u00dcdv\u00f6zl\u00e9sek ut\u00e1n meg\u00e9rkezett Victor <b>Cook sensei&nbsp;<\/b>\u00e9s Antony Charles <b>Devine sensei <\/b>is! K\u00e9t csoportban a <b>shoden <\/b>sz\u00e9ri\u00e1t kezdt\u00fck gyakorolni. Mivel az egyes\u00fclet\u00fcnk tagjainak \u00e1tlag\u00e9letkora egyre magasabb, mindegyik\u00fcnknek voltak &#8222;szervi&#8221; probl\u00e9m\u00e1i &#8211; de lelkileg mindig felemel\u0151 egy\u00fctt gyakorolni, \u00edgy nem erre figyelt\u00fcnk. A mi csoportunkn\u00e1l nem a technikai r\u00e9szletek voltak fontosak, a feladat most is az ezeken val\u00f3 t\u00fall\u00e9p\u00e9s volt: \u00e9rteni a szitu\u00e1ci\u00f3t \u00e9s kifejezni magunkat ahelyett, hogy &#8222;m\u00e1solatok&#8221; lenn\u00e9nk.<\/p>\n<\/div>\n<div>A d\u00e9lut\u00e1n 4 \u00f3ra szokatlanul gyorsan el\u00e9rkezett (a t\u00e1vir\u00e1ny\u00edt\u00f3), tiszt\u00e1lkod\u00e1si k\u00f6r ut\u00e1n a t\u00f6rzshely\u00fcnk\u00f6n vacsor\u00e1ztunk, majd a &#8222;kast\u00e9lyba&#8221; ment\u00fcnk, hogy k\u00f6z\u00f6sen adjuk \u00e1t a (cukormentes) tort\u00e1t \u00e9s n\u00e9zz\u00fck meg az<b> elm\u00falt 40 \u00e9v<\/b>r\u0151l k\u00e9sz\u00fclt f\u00e9nyk\u00e9peket &#8211; ez ut\u00f3bbiak hangulat\u00e1t Cook sensei komment\u00e1rjai, szem\u00e9lyes \u00e9lm\u00e9nyei tett\u00e9k nagyszer\u0171v\u00e9.<\/div>\n<div><\/div>\n<div style=\"text-align: center;\"><img decoding=\"async\" src=\"letoltes\/1578\/20191109_190541.jpg\" width=\"400\"><\/div>\n<div style=\"text-align: center;\"><\/div>\n<p>Vas\u00e1rnap &#8222;pihen\u0151&#8221; k\u00f6vetkezett: \u00e1ll\u00f3 <b>okuden <\/b>kat\u00e1k voltak ter\u00edt\u00e9ken &#8211; majd d\u00e9lut\u00e1n a p\u00e9nteken kapott tud\u00e1st m\u00e9ly\u00edtett\u00fck el. Ism\u00e9t nagyon gyorsan elj\u00f6tt a z\u00e1r\u00e1s ideje&#8230; \u00edgy \u00fajabb id\u0151ugr\u00e1ssal haza\u00e9rkezt\u00fcnk.<\/p>\n<div>J\u00e9g, ken\u0151cs\u00f6k, gy\u00f3gyszerek, terem keres\u00e9s. Titkos gyakorlatok. <b>November<\/b>.<\/div>\n<div><\/div>\n<div>K\u00f6sz\u00f6net!<\/div>\n<div><\/p>\n<div><\/div>\n<\/div>\n<p><img loading=\"lazy\" decoding=\"async\" class=\"aligncenter wp-image-19438 size-large\" src=\"\/fenykepalbum\/keptar_1578_big_2019.11.10-11_stubnyafurdo_shinbukan_koryu_mi.jpg\" alt=\"\" width=\"840\" height=\"473\" \/><\/p>\n<p><img loading=\"lazy\" decoding=\"async\" class=\"aligncenter wp-image-19438 size-large\" src=\"\/fenykepalbum\/keptar_1578_big_2019.11.10-11_stubnyafurdo_shinbukan_koryu_csoport_web.jpg\" alt=\"\" width=\"840\" height=\"473\" \/><\/p>\n<p><img loading=\"lazy\" decoding=\"async\" class=\"aligncenter wp-image-19438 size-large\" src=\"\/fenykepalbum\/keptar_1578_big_20191109_125324.jpg\" alt=\"\" width=\"840\" height=\"473\" \/><\/p>\n","protected":false},"excerpt":{"rendered":"<p>Hirtelen november lett. Vagy Movember? \u00cdgy ut\u00f3lag eg\u00e9szen biztos, hogy nem esett a h\u00f3, de Robinak bajusza (is) volt. \u00c9s p\u00f6d\u00f6rte&#8230; De t\u00e9rj\u00fcnk vissza a t\u00f6rt\u00e9net\u00fcnk elej\u00e9re! A j\u00f6v\u0151b\u0151l \u00e9rkezett hibrid-t\u00f6lthet\u0151 villanyaut\u00f3val indultunk \u00fatnak. Tal\u00e1ltam h\u00e1tul egy t\u00e1vir\u00e1ny\u00edt\u00f3t, amellyel \u00e1t tudtam tekerni az utaz\u00e1s nagy r\u00e9sz\u00e9t, \u00edgy nagyon gyorsan \u00e9rkezt\u00fcnk meg a p\u00e9ntek d\u00e9lut\u00e1ni titkos &hellip; <a href=\"https:\/\/shinbukan.hu\/?p=19825\" class=\"more-link\"><span class=\"screen-reader-text\">&#8222;Iaido koryu szemin\u00e1rium (Stubnyaf\u00fcrd\u0151)&#8221;<\/span> b\u0151vebben<\/a><\/p>\n","protected":false},"author":2,"featured_media":0,"comment_status":"open","ping_status":"open","sticky":false,"template":"","format":"standard","meta":{"footnotes":""},"categories":[],"tags":[],"class_list":["post-19825","post","type-post","status-publish","format-standard","hentry"],"_links":{"self":[{"href":"https:\/\/shinbukan.hu\/index.php?rest_route=\/wp\/v2\/posts\/19825","targetHints":{"allow":["GET"]}}],"collection":[{"href":"https:\/\/shinbukan.hu\/index.php?rest_route=\/wp\/v2\/posts"}],"about":[{"href":"https:\/\/shinbukan.hu\/index.php?rest_route=\/wp\/v2\/types\/post"}],"author":[{"embeddable":true,"href":"https:\/\/shinbukan.hu\/index.php?rest_route=\/wp\/v2\/users\/2"}],"replies":[{"embeddable":true,"href":"https:\/\/shinbukan.hu\/index.php?rest_route=%2Fwp%2Fv2%2Fcomments&post=19825"}],"version-history":[{"count":0,"href":"https:\/\/shinbukan.hu\/index.php?rest_route=\/wp\/v2\/posts\/19825\/revisions"}],"wp:attachment":[{"href":"https:\/\/shinbukan.hu\/index.php?rest_route=%2Fwp%2Fv2%2Fmedia&parent=19825"}],"wp:term":[{"taxonomy":"category","embeddable":true,"href":"https:\/\/shinbukan.hu\/index.php?rest_route=%2Fwp%2Fv2%2Fcategories&post=19825"},{"taxonomy":"post_tag","embeddable":true,"href":"https:\/\/shinbukan.hu\/index.php?rest_route=%2Fwp%2Fv2%2Ftags&post=19825"}],"curies":[{"name":"wp","href":"https:\/\/api.w.org\/{rel}","templated":true}]}}