{"id":20005,"date":"2026-02-14T10:00:23","date_gmt":"2026-02-14T09:00:23","guid":{"rendered":"https:\/\/shinbukan.hu\/?p=20005"},"modified":"2026-02-18T08:33:21","modified_gmt":"2026-02-18T07:33:21","slug":"13-tomodachi-keiko","status":"publish","type":"post","link":"https:\/\/shinbukan.hu\/?p=20005","title":{"rendered":"13. Tomodachi Keiko"},"content":{"rendered":"<div id=\"pl-20005\"  class=\"panel-layout\" ><div id=\"pg-20005-0\"  class=\"panel-grid panel-no-style\" ><div id=\"pgc-20005-0-0\"  class=\"panel-grid-cell\" ><div id=\"panel-20005-0-0-0\" class=\"so-panel widget_text panel-first-child panel-last-child\" data-index=\"0\" >\t\t\t<div class=\"textwidget\"><p><strong>Orsz\u00e1gok &#8211; sz\u00e1mok &#8211; nevek<\/strong><\/p>\n<p>A kor\u00e1bban csal\u00e1dias jelleg\u0171, <b>13 <\/b><span style=\"font-weight: 400;\">Tomadachi Keiko elnevez\u00e9s\u0171 <strong>2<\/strong> napos kassai tal\u00e1lkoz\u00f3 id\u00e9n t\u00e9nyleg nemzetk\u00f6ziv\u00e9 v\u00e1lt<\/span>: <strong>Szlov\u00e1kia<\/strong>, <strong>Csehorsz\u00e1g<\/strong>, <strong>Lengyelorsz\u00e1g<\/strong> \u00e9s az <strong>Egyes\u00fclt Kir\u00e1lys\u00e1g<\/strong> mellett <strong>Magyarorsz\u00e1g<\/strong>ot <strong>\u00f6ten<\/strong>-, a <strong>Shinbukan Egyes\u00fclet<\/strong>et<strong> n\u00e9gy<\/strong>en k\u00e9pviselt\u00fck (\u00e9s mivel k\u00e9t aut\u00f3val \u00e9rkezt\u00fcnk az indul\u00f3 k\u00e9pen csak<strong> h\u00e1rman<\/strong> vagyunk..!<\/p>\n<p><img loading=\"lazy\" decoding=\"async\" class=\"aligncenter size-large wp-image-20007\" src=\"https:\/\/shinbukan.hu\/wp-content\/uploads\/2026\/02\/20260213_154412-1024x572.jpg\" alt=\"\" width=\"840\" height=\"469\" srcset=\"https:\/\/shinbukan.hu\/wp-content\/uploads\/2026\/02\/20260213_154412-1024x572.jpg 1024w, https:\/\/shinbukan.hu\/wp-content\/uploads\/2026\/02\/20260213_154412-300x168.jpg 300w, https:\/\/shinbukan.hu\/wp-content\/uploads\/2026\/02\/20260213_154412-768x429.jpg 768w, https:\/\/shinbukan.hu\/wp-content\/uploads\/2026\/02\/20260213_154412-1536x858.jpg 1536w, https:\/\/shinbukan.hu\/wp-content\/uploads\/2026\/02\/20260213_154412-2048x1144.jpg 2048w, https:\/\/shinbukan.hu\/wp-content\/uploads\/2026\/02\/20260213_154412-1200x671.jpg 1200w\" sizes=\"auto, (max-width: 709px) 85vw, (max-width: 909px) 67vw, (max-width: 1362px) 62vw, 840px\" \/><br \/>\n<span style=\"font-weight: 400;\">\u00a0<\/span><b>6<\/b><span style=\"font-weight: 400;\"> tan\u00e1r (\u00f6sszesen 37 dan iaido fokozattal), <strong>5<\/strong> orsz\u00e1gb\u00f3l <\/span><b>38<\/b><span style=\"font-weight: 400;\"> iaidoka vett r\u00e9szt a <strong>Shin Junsui<\/strong> <strong>Egyes\u00fclet<\/strong> \u00e1ltal szervezett esem\u00e9nyen. V\u00e9delm\u00fcnkr\u0151l <\/span><b>1 <\/b><span style=\"font-weight: 400;\">Oni gondoskodott. Vizsg\u00e1zni <\/span><b>1, 2, 3 <\/b><span style=\"font-weight: 400;\">\u00e9s <\/span><b>4<\/b><span style=\"font-weight: 400;\"> dan fokozatra is lehetett.<\/span><\/p>\n<p><span style=\"font-weight: 400;\">Az oktat\u00e1si programot <\/span><b>Andy Watson<\/b><span style=\"font-weight: 400;\"> sensei (laido Kyoshi <strong>7<\/strong>.Dan) vezette.<\/span><\/p>\n<p><span style=\"font-weight: 400;\">Tov\u00e1bbi tan\u00e1raink voltak:<\/span><\/p>\n<ul>\n<li><span style=\"font-weight: 400;\"><strong>H\u00e1bermajer G\u00e1bor<\/strong> sensei &#8211; laido Renshi <strong>6<\/strong>.Dan<\/span><\/li>\n<li><strong>Lukasz Machura<\/strong> sensei laido Renshi <strong>6<\/strong>.Dan<\/li>\n<li><strong>Michal Szczepanski<\/strong> sensei &#8211; laido Renshi <strong>6<\/strong>. Dan<\/li>\n<li><strong>Michal Kol\u00edsek<\/strong> sensei &#8211; laido <strong>6<\/strong>. Dan<\/li>\n<li><strong>Pavel Balv\u00edn<\/strong> sensei &#8211; laido <strong>6<\/strong>.Dan<\/li>\n<\/ul>\n<p><img loading=\"lazy\" decoding=\"async\" class=\"aligncenter size-large wp-image-20019\" src=\"https:\/\/shinbukan.hu\/wp-content\/uploads\/2026\/02\/20260214_tanarok-1024x473.jpg\" alt=\"\" width=\"840\" height=\"388\" srcset=\"https:\/\/shinbukan.hu\/wp-content\/uploads\/2026\/02\/20260214_tanarok-1024x473.jpg 1024w, https:\/\/shinbukan.hu\/wp-content\/uploads\/2026\/02\/20260214_tanarok-300x138.jpg 300w, https:\/\/shinbukan.hu\/wp-content\/uploads\/2026\/02\/20260214_tanarok-768x354.jpg 768w, https:\/\/shinbukan.hu\/wp-content\/uploads\/2026\/02\/20260214_tanarok-1536x709.jpg 1536w, https:\/\/shinbukan.hu\/wp-content\/uploads\/2026\/02\/20260214_tanarok-2048x945.jpg 2048w, https:\/\/shinbukan.hu\/wp-content\/uploads\/2026\/02\/20260214_tanarok-1200x554.jpg 1200w\" sizes=\"auto, (max-width: 709px) 85vw, (max-width: 909px) 67vw, (max-width: 1362px) 62vw, 840px\" \/><\/p>\n<p><img loading=\"lazy\" decoding=\"async\" class=\"aligncenter size-large wp-image-20015\" src=\"https:\/\/shinbukan.hu\/wp-content\/uploads\/2026\/02\/20260213_kiscsoport-1024x768.jpg\" alt=\"\" width=\"840\" height=\"630\" srcset=\"https:\/\/shinbukan.hu\/wp-content\/uploads\/2026\/02\/20260213_kiscsoport-1024x768.jpg 1024w, https:\/\/shinbukan.hu\/wp-content\/uploads\/2026\/02\/20260213_kiscsoport-300x225.jpg 300w, https:\/\/shinbukan.hu\/wp-content\/uploads\/2026\/02\/20260213_kiscsoport-768x576.jpg 768w, https:\/\/shinbukan.hu\/wp-content\/uploads\/2026\/02\/20260213_kiscsoport-1536x1152.jpg 1536w, https:\/\/shinbukan.hu\/wp-content\/uploads\/2026\/02\/20260213_kiscsoport-1200x900.jpg 1200w, https:\/\/shinbukan.hu\/wp-content\/uploads\/2026\/02\/20260213_kiscsoport.jpg 2048w\" sizes=\"auto, (max-width: 709px) 85vw, (max-width: 909px) 67vw, (max-width: 1362px) 62vw, 840px\" \/><\/p>\n<p><b>\u201eMilyen a hangja egy teny\u00e9rnek, ha csattan?\u201d<\/b><\/p>\n<p><span style=\"font-weight: 400;\"><strong>Hakuin<\/strong> koanj\u00e1n bizony\u00e1ra sok Zen szerzetes gondolkodott, mi ezen a h\u00e9tv\u00e9g\u00e9n azt ismert\u00fck meg, <strong>milyen hangja van k\u00e9t bokuto-<\/strong>nak, ha &#8222;nem jelk\u00e9pes&#8221; er\u0151vel csap \u00f6ssze (a r\u00e1\u00e9bred\u00e9s term\u00e9szetesen mindk\u00e9t esetben lehets\u00e9ges)! <\/span><span style=\"font-weight: 400;\">A sz\u00e1mos prezent\u00e1ci\u00f3k egyike az volt, amikor Andy Watson sensei er\u0151teljes v\u00e1g\u00e1sokkal prezent\u00e1lta<\/span> <span style=\"font-weight: 400;\">Michal Szczepanski sensei fel\u00e9 azt, hogy milyen a kard helytelen- illetve helyes sz\u00f6ge az <strong>Ukenagashi<\/strong> (\u53d7\u3051\u6d41\u3057) nev\u0171 kat\u00e1ban!<\/span><span style=\"font-weight: 400;\"><br \/>\n<\/span><span style=\"font-weight: 400;\">Term\u00e9szetesen nek\u00fcnk is ki kellett ezt pr\u00f3b\u00e1lni p\u00e1rokba rendez\u0151dve &#8211; \u00e9s kider\u00fclt nagyon, nagyon sokat kell m\u00e9g gyakorolnunk..!<\/span><\/p>\n<p><strong>Tan\u00edt\u00e1s shinkenek k\u00f6z\u00f6tt<\/strong><\/p>\n<p>K\u00e9t alkalommal is sor ker\u00fclt egy meglehet\u0151sen er\u0151s bemutat\u00f3ra. Mindk\u00e9t esetben egyik t\u00e1rsunkat k\u00f6rbe vette p\u00e1r m\u00e1sik gyakorl\u00f3 &#8211; kivont, \u00e9les karddal a kezeikben&#8230; L\u00e1thattuk, hogyan v\u00e1ltozik pl. a noto v\u00e9grehajt\u00e1sa, ritmusa \u00e9s sebess\u00e9ge ilyen nyom\u00e1s alatt.<br \/>\nAz \u00e9lm\u00e9ny mindannyiunknak maradand\u00f3 volt, ennek hat\u00e1s\u00e1ra meg is v\u00e1ltoztattam a mozg\u00e1somat..<\/p>\n<p><img loading=\"lazy\" decoding=\"async\" class=\"aligncenter size-large wp-image-20008\" src=\"https:\/\/shinbukan.hu\/wp-content\/uploads\/2026\/02\/20260214_155125-1024x576.jpg\" alt=\"\" width=\"840\" height=\"473\" srcset=\"https:\/\/shinbukan.hu\/wp-content\/uploads\/2026\/02\/20260214_155125-1024x576.jpg 1024w, https:\/\/shinbukan.hu\/wp-content\/uploads\/2026\/02\/20260214_155125-300x169.jpg 300w, https:\/\/shinbukan.hu\/wp-content\/uploads\/2026\/02\/20260214_155125-768x432.jpg 768w, https:\/\/shinbukan.hu\/wp-content\/uploads\/2026\/02\/20260214_155125-1536x864.jpg 1536w, https:\/\/shinbukan.hu\/wp-content\/uploads\/2026\/02\/20260214_155125-2048x1152.jpg 2048w, https:\/\/shinbukan.hu\/wp-content\/uploads\/2026\/02\/20260214_155125-1200x675.jpg 1200w\" sizes=\"auto, (max-width: 709px) 85vw, (max-width: 909px) 67vw, (max-width: 1362px) 62vw, 840px\" \/><\/p>\n<p><strong>ZEN NIPPON KENDO RENMEI IAI<\/strong><\/p>\n<p>A f\u0151leg Jap\u00e1n vezet\u00e9s\u0171 szemin\u00e1riumok elengedhetetlen kell\u00e9ke, a k\u00e9zik\u00f6nyv is elker\u00fclt (legal\u00e1bb h\u00e1rom nyelven), hogy eg\u00e9szen pontosan k\u00f6vethess\u00fck a le\u00edr\u00e1st!<br \/>\nSiker\u00fclt mind a 12 formagyakorlatot (illetve a reihokat is) \u00e1ttekinten\u00fcnk a h\u00e9tv\u00e9ge alatt!: szombaton a Mae (\u524d), az Ushiro (\u5f8c\u308d), az Ukenagashi (\u53d7\u3051\u6d41\u3057) , a Morote-tsuki (\u8af8\u624b\u7a81\u304d), a Sanp\u014dgiri (\u4e09\u65b9\u5207\u308a) \u00e9s Soete-tsuki (\u6dfb\u3048\u624b\u7a81\u304d) ker\u00fcltek sorra, vas\u00e1rnap a Reiho, a Tsuka-ate (\u67c4\u5f53\u3066), a Kesagiri (\u8888\u88df\u5207\u308a), a Ganmen-ate (\u9854\u9762\u5f53\u3066), a Shih\u014dgiri (\u56db\u65b9\u5207\u308a), a S\u014dgiri (\u7dcf\u5207\u308a) \u00e9s a Nukiuchi (\u629c\u304d\u6253\u3061) &#8211; ez sajnos azt is jelentette, hogy koryu gyakorl\u00e1s elmaradt.<\/p>\n<p>A h\u00e9tv\u00e9gi tan\u00edt\u00e1s nem annyira a technikai r\u00e9szletekr\u0151l sz\u00f3lt, ink\u00e1bb arr\u00f3l, hogy <strong>mi\u00e9rt \u00fagy<\/strong> kell v\u00e9grehajtani, ahogyan mutatj\u00e1k. Logikusan, term\u00e9szetesen, gyorsan!<\/p>\n<p>Andy Watson sensei az utols\u00f3 perceket is kihaszn\u00e1lta, igyekezett min\u00e9l t\u00f6bbet \u00e1tadni a sz\u00e1momra felfoghatatlan tapasztalat\u00e1b\u00f3l.<\/p>\n<p><img loading=\"lazy\" decoding=\"async\" class=\"aligncenter size-large wp-image-20010\" src=\"https:\/\/shinbukan.hu\/wp-content\/uploads\/2026\/02\/20260214_163804-1024x576.jpg\" alt=\"\" width=\"840\" height=\"473\" srcset=\"https:\/\/shinbukan.hu\/wp-content\/uploads\/2026\/02\/20260214_163804-1024x576.jpg 1024w, https:\/\/shinbukan.hu\/wp-content\/uploads\/2026\/02\/20260214_163804-300x169.jpg 300w, https:\/\/shinbukan.hu\/wp-content\/uploads\/2026\/02\/20260214_163804-768x432.jpg 768w, https:\/\/shinbukan.hu\/wp-content\/uploads\/2026\/02\/20260214_163804-1536x864.jpg 1536w, https:\/\/shinbukan.hu\/wp-content\/uploads\/2026\/02\/20260214_163804-2048x1152.jpg 2048w, https:\/\/shinbukan.hu\/wp-content\/uploads\/2026\/02\/20260214_163804-1200x675.jpg 1200w\" sizes=\"auto, (max-width: 709px) 85vw, (max-width: 909px) 67vw, (max-width: 1362px) 62vw, 840px\" \/><\/p>\n<p><strong>Sayonara..<\/strong><\/p>\n<p>A k\u00f6tetlen besz\u00e9lget\u00e9snek a p\u00e9ntek \u00e9s szombat este adott helyet!<\/p>\n<p><img loading=\"lazy\" decoding=\"async\" class=\"aligncenter size-large wp-image-20016\" src=\"https:\/\/shinbukan.hu\/wp-content\/uploads\/2026\/02\/20260214_sayonara-1024x768.jpg\" alt=\"\" width=\"840\" height=\"630\" srcset=\"https:\/\/shinbukan.hu\/wp-content\/uploads\/2026\/02\/20260214_sayonara-1024x768.jpg 1024w, https:\/\/shinbukan.hu\/wp-content\/uploads\/2026\/02\/20260214_sayonara-300x225.jpg 300w, https:\/\/shinbukan.hu\/wp-content\/uploads\/2026\/02\/20260214_sayonara-768x576.jpg 768w, https:\/\/shinbukan.hu\/wp-content\/uploads\/2026\/02\/20260214_sayonara-1536x1152.jpg 1536w, https:\/\/shinbukan.hu\/wp-content\/uploads\/2026\/02\/20260214_sayonara-2048x1536.jpg 2048w, https:\/\/shinbukan.hu\/wp-content\/uploads\/2026\/02\/20260214_sayonara-1200x900.jpg 1200w\" sizes=\"auto, (max-width: 709px) 85vw, (max-width: 909px) 67vw, (max-width: 1362px) 62vw, 840px\" \/><\/p>\n<p>Sziv\u00e1rv\u00e1ny alatt \u00e9rkezt\u00fcnk, vas\u00e1rnap h\u00f3es\u00e9s fogadott minket, majd hazafel\u00e9 a sz\u00ednes felh\u0151k b\u00facs\u00faztattak.<\/p>\n<p><img loading=\"lazy\" decoding=\"async\" class=\"aligncenter size-large wp-image-20011\" src=\"https:\/\/shinbukan.hu\/wp-content\/uploads\/2026\/02\/20260215_164740-1024x576.jpg\" alt=\"\" width=\"840\" height=\"473\" srcset=\"https:\/\/shinbukan.hu\/wp-content\/uploads\/2026\/02\/20260215_164740-1024x576.jpg 1024w, https:\/\/shinbukan.hu\/wp-content\/uploads\/2026\/02\/20260215_164740-300x169.jpg 300w, https:\/\/shinbukan.hu\/wp-content\/uploads\/2026\/02\/20260215_164740-768x432.jpg 768w, https:\/\/shinbukan.hu\/wp-content\/uploads\/2026\/02\/20260215_164740-1536x864.jpg 1536w, https:\/\/shinbukan.hu\/wp-content\/uploads\/2026\/02\/20260215_164740-2048x1152.jpg 2048w, https:\/\/shinbukan.hu\/wp-content\/uploads\/2026\/02\/20260215_164740-1200x675.jpg 1200w\" sizes=\"auto, (max-width: 709px) 85vw, (max-width: 909px) 67vw, (max-width: 1362px) 62vw, 840px\" \/><\/p>\n<p>K\u00f6sz\u00f6nj\u00fck a tan\u00edt\u00e1st, a t\u00fcrelmet a tan\u00e1csokat \u00e9s a szervez\u00e9st!<\/p>\n<p><img loading=\"lazy\" decoding=\"async\" class=\"aligncenter size-large wp-image-20014\" src=\"https:\/\/shinbukan.hu\/wp-content\/uploads\/2026\/02\/20260215_csoport-1024x359.jpeg\" alt=\"\" width=\"840\" height=\"294\" srcset=\"https:\/\/shinbukan.hu\/wp-content\/uploads\/2026\/02\/20260215_csoport-1024x359.jpeg 1024w, https:\/\/shinbukan.hu\/wp-content\/uploads\/2026\/02\/20260215_csoport-300x105.jpeg 300w, https:\/\/shinbukan.hu\/wp-content\/uploads\/2026\/02\/20260215_csoport-768x269.jpeg 768w, https:\/\/shinbukan.hu\/wp-content\/uploads\/2026\/02\/20260215_csoport-1536x538.jpeg 1536w, https:\/\/shinbukan.hu\/wp-content\/uploads\/2026\/02\/20260215_csoport-2048x718.jpeg 2048w, https:\/\/shinbukan.hu\/wp-content\/uploads\/2026\/02\/20260215_csoport-1200x421.jpeg 1200w\" sizes=\"auto, (max-width: 709px) 85vw, (max-width: 909px) 67vw, (max-width: 1362px) 62vw, 840px\" \/><\/p>\n<p><img loading=\"lazy\" decoding=\"async\" class=\"aligncenter size-large wp-image-20018\" src=\"https:\/\/shinbukan.hu\/wp-content\/uploads\/2026\/02\/20260214_shinbukan-1024x473.jpg\" alt=\"\" width=\"840\" height=\"388\" srcset=\"https:\/\/shinbukan.hu\/wp-content\/uploads\/2026\/02\/20260214_shinbukan-1024x473.jpg 1024w, https:\/\/shinbukan.hu\/wp-content\/uploads\/2026\/02\/20260214_shinbukan-300x138.jpg 300w, https:\/\/shinbukan.hu\/wp-content\/uploads\/2026\/02\/20260214_shinbukan-768x354.jpg 768w, https:\/\/shinbukan.hu\/wp-content\/uploads\/2026\/02\/20260214_shinbukan-1536x709.jpg 1536w, https:\/\/shinbukan.hu\/wp-content\/uploads\/2026\/02\/20260214_shinbukan-2048x945.jpg 2048w, https:\/\/shinbukan.hu\/wp-content\/uploads\/2026\/02\/20260214_shinbukan-1200x554.jpg 1200w\" sizes=\"auto, (max-width: 709px) 85vw, (max-width: 909px) 67vw, (max-width: 1362px) 62vw, 840px\" \/><\/p>\n<p>Csapatunk (3 tanul\u00f3+ 1 k\u00eds\u00e9r\u0151 tan\u00e1r) r\u00e9szv\u00e9tel\u00e9t az<strong> Erasmus+ Program<\/strong> t\u00e1mogatta. Amit itt is k\u00f6sz\u00f6n\u00fcnk!<\/p>\n<p>A l\u00e1togat\u00e1s egy hosszabb egyes\u00fcleti fejleszt\u00e9sbe illeszkedett, ahol kiemelt c\u00e9lunk, hogy er\u0151s r\u00e9gi\u00f3s sz\u00f6vets\u00e9geseket szerezz\u00fcnk \u00e9s n\u00f6velj\u00fck a soksz\u00edn\u0171s\u00e9get \u00e9s befogad\u00e1st. A program ezt minden elem\u00e9ben t\u00e1mogatta. A k\u00fcl\u00f6nb\u00f6z\u0151 orsz\u00e1gokb\u00f3l \u00e9rkez\u0151 gyakorl\u00f3k nemcsak technik\u00e1t, hanem szeml\u00e9letet is hoztak magukkal \u2013 a k\u00f6z\u00f6s gyakorl\u00e1s val\u00f3di p\u00e1rbesz\u00e9dd\u00e9 v\u00e1lt. A k\u00f6z\u00f6s gyakorl\u00e1s sor\u00e1n megmutatkozott, hogy a soksz\u00edn\u0171s\u00e9g nem akad\u00e1ly, hanem er\u0151forr\u00e1s: m\u00e1s hangs\u00falyok, elt\u00e9r\u0151 metodikai megk\u00f6zel\u00edt\u00e9sek \u00e9s kultur\u00e1lis saj\u00e1toss\u00e1gok gazdag\u00edtott\u00e1k a tanul\u00e1si folyamatot, amibe mindenki a saj\u00e1t fejl\u0151d\u00e9si pontj\u00e1n kapcsol\u00f3dhatott be, mik\u00f6zben a k\u00f6z\u00f6s alapelvek er\u0151s\u00edtett\u00e9k az \u00f6sszetartoz\u00e1s \u00e9lm\u00e9ny\u00e9t. Meger\u0151s\u00edt\u0151 volt \u00e1t\u00e9lni, hogy a budo nyelve \u2013 a forma, a figyelem, a tisztelet \u2013 k\u00e9pes \u00e1thidalni a k\u00fcl\u00f6nbs\u00e9geket. (projekt\u00fcnk 2025-1-HU01-KA121-ADU-000309473 sz\u00e1mmal azonos\u00edtott, b\u0151vebben a <a href=\"https:\/\/www.shinbu.hu\/\" target=\"_blank\" rel=\"noopener\">Shinbu.hu<\/a> oldalon olvashattok r\u00f3la.)<\/p>\n<\/div>\n\t\t<\/div><\/div><\/div><\/div>","protected":false},"excerpt":{"rendered":"<p>Orsz\u00e1gok &#8211; sz\u00e1mok &#8211; nevek A kor\u00e1bban csal\u00e1dias jelleg\u0171, 13 Tomadachi Keiko elnevez\u00e9s\u0171 2 napos kassai tal\u00e1lkoz\u00f3 id\u00e9n t\u00e9nyleg nemzetk\u00f6ziv\u00e9 v\u00e1lt: Szlov\u00e1kia, Csehorsz\u00e1g, Lengyelorsz\u00e1g \u00e9s az Egyes\u00fclt Kir\u00e1lys\u00e1g mellett Magyarorsz\u00e1got \u00f6ten-, a Shinbukan Egyes\u00fcletet n\u00e9gyen k\u00e9pviselt\u00fck (\u00e9s mivel k\u00e9t aut\u00f3val \u00e9rkezt\u00fcnk az indul\u00f3 k\u00e9pen csak h\u00e1rman vagyunk..! \u00a06 tan\u00e1r (\u00f6sszesen 37 dan iaido fokozattal), 5 &hellip; <a href=\"https:\/\/shinbukan.hu\/?p=20005\" class=\"more-link\"><span class=\"screen-reader-text\">&#8222;13. Tomodachi Keiko&#8221;<\/span> b\u0151vebben<\/a><\/p>\n","protected":false},"author":1,"featured_media":0,"comment_status":"closed","ping_status":"open","sticky":false,"template":"","format":"standard","meta":{"footnotes":""},"categories":[7],"tags":[],"class_list":["post-20005","post","type-post","status-publish","format-standard","hentry","category-kronika"],"_links":{"self":[{"href":"https:\/\/shinbukan.hu\/index.php?rest_route=\/wp\/v2\/posts\/20005","targetHints":{"allow":["GET"]}}],"collection":[{"href":"https:\/\/shinbukan.hu\/index.php?rest_route=\/wp\/v2\/posts"}],"about":[{"href":"https:\/\/shinbukan.hu\/index.php?rest_route=\/wp\/v2\/types\/post"}],"author":[{"embeddable":true,"href":"https:\/\/shinbukan.hu\/index.php?rest_route=\/wp\/v2\/users\/1"}],"replies":[{"embeddable":true,"href":"https:\/\/shinbukan.hu\/index.php?rest_route=%2Fwp%2Fv2%2Fcomments&post=20005"}],"version-history":[{"count":7,"href":"https:\/\/shinbukan.hu\/index.php?rest_route=\/wp\/v2\/posts\/20005\/revisions"}],"predecessor-version":[{"id":20024,"href":"https:\/\/shinbukan.hu\/index.php?rest_route=\/wp\/v2\/posts\/20005\/revisions\/20024"}],"wp:attachment":[{"href":"https:\/\/shinbukan.hu\/index.php?rest_route=%2Fwp%2Fv2%2Fmedia&parent=20005"}],"wp:term":[{"taxonomy":"category","embeddable":true,"href":"https:\/\/shinbukan.hu\/index.php?rest_route=%2Fwp%2Fv2%2Fcategories&post=20005"},{"taxonomy":"post_tag","embeddable":true,"href":"https:\/\/shinbukan.hu\/index.php?rest_route=%2Fwp%2Fv2%2Ftags&post=20005"}],"curies":[{"name":"wp","href":"https:\/\/api.w.org\/{rel}","templated":true}]}}