{"id":286,"date":"2019-09-22T08:31:54","date_gmt":"2019-09-22T08:31:54","guid":{"rendered":"http:\/\/shinbukan.hu\/?p=286"},"modified":"2025-04-25T11:47:39","modified_gmt":"2025-04-25T09:47:39","slug":"18-european-jodo-championships-zawiercie","status":"publish","type":"post","link":"https:\/\/shinbukan.hu\/?p=286","title":{"rendered":"18 European Jodo Championships &#8211; Zawiercie"},"content":{"rendered":"<div id=\"pl-286\"  class=\"panel-layout\" ><div id=\"pg-286-0\"  class=\"panel-grid panel-no-style\" ><div id=\"pgc-286-0-0\"  class=\"panel-grid-cell\" ><div id=\"panel-286-0-0-0\" class=\"so-panel widget_text panel-first-child panel-last-child\" data-index=\"0\" ><div class=\"panel-widget-style panel-widget-style-for-286-0-0-0\" >\t\t\t<div class=\"textwidget\"><div class=\"blog_content_text\">\n<div>Tavaly nem \u00edrtam az EJC-s szerepl\u00e9sr\u0151l, nem gondoltam, hogy b\u00e1rkit \u00e9rdekelne, hogy szerepeltem :&#8211;)<\/div>\n<div>Miut\u00e1n id\u00e9n is a v\u00e1logatott csapat tagja lehettem, m\u00e9ghozz\u00e1 csapatmenedzserk\u00e9nt, \u00edgy itt az ideje egy \u00f6sszefoglal\u00f3nak (Szenszei \u00e9s Imi is finoman noszogatott \ud83d\ude00 ).<\/div>\n<div><\/div>\n<div>Lassan f\u00e9l \u00e9ve k\u00e9sz\u00fcltem a feladatra, hogy a v\u00e1logatottat seg\u00edtsem a szerepl\u00e9s sor\u00e1n, illetve a shodan vizsg\u00e1mra, hogy sikeres legyen. Amikor kider\u00fclt, hogy csapatmenedzser leszek, kicsit \u00f6sszeszorult a gyomrom, hogy el\u00e9g leszek-e erre a posztra.<\/div>\n<div><\/div>\n<div>P\u00e9nteken 10:00 k\u00f6r\u00fcl indultunk el, miut\u00e1n a csapat tagjait \u00f6sszeszedt\u00fck. 460 km vezet\u00e9s, nem is sok. A kocsiban a hangulat hamar oldott\u00e1 v\u00e1lt, \u00edgy az oda\u00fat gyorsan eltelt, probl\u00e9mamentesen \u00e9rt\u00fck el Zawierci\u00e9be.<\/div>\n<div><\/div>\n<div>Aki m\u00e1r volt nemzetk\u00f6zi t\u00e1borban, pontosan ismeri azt az \u00f6r\u00f6mteli \u00e9rz\u00e9st, mikor a r\u00e9g l\u00e1tott ismer\u0151s\u00f6kkel, bar\u00e1tokkal, k\u00fclf\u00f6ldi jodok\u00e1kkal ism\u00e9t tal\u00e1lkozunk. Vel\u00fcnk sem t\u00f6rt\u00e9nt m\u00e1sk\u00e9pp, az els\u0151 vacsora a szob\u00e1k elfoglal\u00e1sa ut\u00e1n t\u00f6bbsz\u00f6ri besz\u00e9lget\u00e9ssel tark\u00edtottan, meg-megszak\u00edtva zajlott. Az \u00e9tkez\u00e9s ut\u00e1n elrendezkedt\u00fcnk, megbesz\u00e9lt\u00fck a m\u00e1snap reggeli tal\u00e1lkoz\u00f3t \u00e9s kioszt\u00e1sra ker\u00fcltek a nemzeti meleg\u00edt\u0151k is.<\/div>\n<div><\/div>\n<div>Nem tudom, ki, hogy van vele, de engem mindig nagyszer\u0171 \u00e9rz\u00e9ssel t\u00f6lt el, ha k\u00e9pviselhetem a haz\u00e1mat. K\u00c9PVISELHETEM. A. HAZ\u00c1MAT. \u00c9N\u2026. H\u00e1rom \u00e9vvel ezel\u0151tt nem k\u00e9pzeltem volna ezt, ha b\u00e1rki szemembe mondta volna, kinevetem. Most pedig imm\u00e1r m\u00e1sodj\u00e1ra h\u00fazhatom fel a v\u00e1logatott \u201emez\u00e9t\u201d. Sz\u00e1momra hatalmas b\u00fcszkes\u00e9g ez, pedig nem vagyok egy nagy hazafi, vagy lok\u00e1lparti\u00f3ta, \u201emagyarkod\u00f3\u201d valaki. De akkor is\u2026 minden ilyen alkalommal a sz\u00edvem szorul \u00f6ssze, kicsit meg is hat\u00f3dok.<\/div>\n<div><\/div>\n<div>M\u00e1snap reggel a gyors reggeli ut\u00e1n a sz\u00e1llod\u00e1t\u00f3l k\u00f6z\u00f6s buszok vittek minket az els\u0151 helysz\u00ednre (A szervez\u00e9s szerint a megnyit\u00f3 cerem\u00f3nia \u00e9s a szemin\u00e1rium els\u0151 fele az egyik, a m\u00e1sodik fele egy m\u00e1sik sportl\u00e9tes\u00edtm\u00e9nyben volt, a m\u00e1snapi taikai \u00e9s vizsg\u00e1k pedig egy harmadik teremben.). A z\u00e1szl\u00f3 \u00e1tv\u00e9tele ut\u00e1n felsorakoztak a csapatok \u00e9s lezajlott a nyit\u00f3\u00fcnneps\u00e9g. Nem volt t\u00fal hossz\u00fa l\u00e9re eresztve, k\u00e9t-h\u00e1rom r\u00f6vid besz\u00e9d hangzott el csup\u00e1n. Meg kell eml\u00edtenem, hogy Vadadi Zsolt, az EKF eln\u00f6khelyettes\u00e9nek besz\u00e9de kiss\u00e9 meglepett, \u00e9s nagyon pozit\u00edvan \u00e9rintett. Nem \u00f6nt\u00f6mj\u00e9nez\u00e9sr\u0151l, vagy a szok\u00e1sos fr\u00e1zisok elism\u00e9tl\u00e9s\u00e9r\u0151l sz\u00f3lt, hanem egy r\u00f6vid megeml\u00e9kez\u00e9s hangzott el t\u0151le, Chris Buxton eml\u00e9kre.<\/div>\n<div><\/div>\n<div>A d\u00e9lel\u0151tti szemin\u00e1rium a jap\u00e1n deleg\u00e1ci\u00f3 vezet\u0151je, Kunifumi Morimoto szenszei vezet\u00e9s\u00e9vel zajlott, \u0151 magyar\u00e1zta el a kamae-ok, kihonok \u00e9s kata-k fontos pontjait, igen r\u00e9szletesen kit\u00e9rve minden apr\u00f3 tudnival\u00f3ra.<\/div>\n<div><\/div>\n<div>A mondottakat a deleg\u00e1ci\u00f3 k\u00e9t m\u00e1sik tagja, Toshiro Tsuriga szenszei \u00e9s Toshiyuki Otake szenszei mutatta be. Meg kell mondanom, hogy tiszteletet \u00e9bresztett, ahogy v\u00e9gig csin\u00e1lt\u00e1k az id\u0151s szenszei-k a t\u00f6bb, mint 2,5 \u00f3r\u00e1s bemutat\u00f3t, olykor negyed \u00f3r\u00e1ig \u00e1llva egy-egy poz\u00edci\u00f3ban.<\/div>\n<div><\/div>\n<div>Mi, hallgat\u00f3k is kiss\u00e9 megviselten indultunk az eb\u00e9dcsomagok\u00e9rt\u2026 d\u00e9lut\u00e1n \u00e9n a mudan csoporttal Rene Van Amersfoort szenszei vezet\u00e9s\u00e9vel gyakoroltuk a seitei kat\u00e1k sarokpontjait. \u00c9rdekes volt, hogy nem a szok\u00e1sos m\u00f3don (fogj egy kat\u00e1t, mutasd be, csin\u00e1lj\u00e1k \u00e9s jav\u00edtja a szenszei, ahol kell) \u00e1llt hozz\u00e1, hanem a probl\u00e9m\u00e1s technikai r\u00e9szleteket gyakoroltuk be (Pl hiki, kaishi, stb\u2026), majd egyre b\u0151v\u00edtve a gyakorlatokat jutottunk el a teljes kat\u00e1k megcsin\u00e1l\u00e1s\u00e1ig. Ek\u00f6zben ugyanitt a shodan-nidan rang\u00faak Otake szenszei-el gyakoroltak a m\u00e1snapi taikai-ra \u00e9s vizsg\u00e1kra.<\/div>\n<div><\/div>\n<div>A nap v\u00e9g\u00e9n visszament\u00fcnk az els\u0151 helysz\u00ednre, ahol a Shinpan gyakorl\u00e1s folyt, itt a csapatok a b\u00edr\u00f3knak seg\u00edtve laza hangulatban a csapatversenyt szimul\u00e1lt\u00e1k, nem t\u00f6r\u0151dve orsz\u00e1gok, rangok szerinti megoszl\u00e1ssal, j\u00f3 kedvvel, szabadon alkotva tripleteket.<\/div>\n<div><\/div>\n<div>Este Bota Norbival ketten egy csapat menedzseri megbesz\u00e9l\u00e9sre voltunk hivatalosak, ahol a m\u00e1snapi taikai-jal kapcsolatos inform\u00e1ci\u00f3kat kaptuk meg. Melyik kateg\u00f3ri\u00e1ban mely kat\u00e1k lesznek, hogyan oszlanak meg az egyes shiaijo-k k\u00f6z\u00f6tt a b\u00edr\u00f3k, illetve a szervez\u0151k \u00e1ltal biztos\u00edtott androidos alkalmaz\u00e1shoz kaptuk meg a sz\u00fcks\u00e9ges hozz\u00e1f\u00e9r\u00e9seket. Itt el\u0151sz\u00f6r \u00e9reztem egy kis fesz\u00fclts\u00e9get a csapatok k\u00e9pvisel\u0151it\u0151l, a k\u00e9rd\u00e9sek \u00e9lesen k\u00f6vett\u00e9k egym\u00e1st. A szervez\u00e9s azonban rendk\u00edv\u00fcl flott volt, a jelen lev\u0151 lengyel koll\u00e9g\u00e1k \u00e9s az EKF k\u00e9pvisel\u0151i pontosan, hezit\u00e1l\u00e1s n\u00e9lk\u00fcl tudtak mindenre megfelelni.<\/div>\n<div><\/div>\n<div>M\u00e1r a megbesz\u00e9l\u00e9s sor\u00e1n folyamatosan fot\u00f3ztuk be az inform\u00e1ci\u00f3s pap\u00edrokat \u00e9s k\u00fcldt\u00fck el a csapat chat-be, \u00edgy mire v\u00e9ge lett a megbesz\u00e9l\u00e9snek, mindannyian megkaptunk minden sz\u00fcks\u00e9ges inf\u00f3t. Az\u00e9rt egy negyed \u00f3r\u00e1ra \u00f6sszegy\u0171lt\u00fcnk, \u00e9s \u00e1tbesz\u00e9lt\u00fck a m\u00e1snapi teend\u0151ket, a k\u00f6vetend\u0151 strat\u00e9gi\u00e1t, illetve a feladatokat.<\/div>\n<div><\/div>\n<div>Nyugalmas \u00e9jszaka ut\u00e1n a m\u00e1snapi reggelin\u00e9l tal\u00e1lkoztunk, a c\u00e9lpontba m\u00e1r \u00e1t\u00f6lt\u00f6zve ment\u00fcnk \u00e1t.<\/div>\n<div><\/div>\n<div>Izgalmakkal telten kezd\u0151d\u00f6tt a csapatverseny, ahol sajnos hamar kiest\u00fcnk, a k\u00e9s\u0151bbi arany\u00e9rmes szlov\u00e1k \u00e9s a francia csapat kezei \u00e1ltal.<\/div>\n<div><\/div>\n<div>Ezut\u00e1n az egy\u00e9ni versenyek kezd\u0151dtek el.<\/div>\n<div><\/div>\n<div>Itt tudtam igaz\u00e1n hat\u00e9konyan seg\u00edteni a csapatot, folyamatosan figyeltem, ki, mikor, melyik p\u00e1ston k\u00f6vetkezik, kivel ker\u00fcl \u00e9ppen \u00f6ssze, ha tov\u00e1bb jut, akkor kik a lehets\u00e9ges ellenfelek, kinek, mennyi ideje van, ki, kinek fog kardoldalon seg\u00edteni. Nem volt egyszer\u0171 feladat, de \u00fagy gondolom, sikerrel helyt \u00e1lltam, a k\u00e9s\u0151bbi visszajelz\u00e9sek a csapatt\u00f3l nagyon j\u00f3l es\u0151en pozit\u00edvak voltak.<\/div>\n<div><\/div>\n<div>Izgulhattunk a pool k\u00f6r\u00f6kb\u0151l kijutott t\u00e1rsaink\u00e9rt, az egyre tov\u00e1bb jut\u00f3k\u00e9rt \u00e9s nagyszer\u0171 \u00f6sszecsap\u00e1soknak lehett\u00fcnk tan\u00fai. A k\u00f6z\u00f6ns\u00e9g az id\u0151 haladt\u00e1val egyre felfokozottabb hangulatban figyelte kedvencei siker\u00e9t, vagy buk\u00e1s\u00e1t.<\/div>\n<div><\/div>\n<div>A verseny nagyon elh\u00faz\u00f3dott, \u00edgy az eredm\u00e9nyhirdet\u00e9s \u00e9s a z\u00e1r\u00f3cerem\u00f3nia m\u00e1r a kinti s\u00f6t\u00e9ts\u00e9g miatt f\u00e9nyesen megvil\u00e1g\u00edtott teremben j\u00f6tt el.<\/div>\n<div><\/div>\n<div>A d\u00edjak \u00e1tad\u00e1sa \u00e9s a z\u00e1r\u00f3besz\u00e9dek ut\u00e1n hamarosan kezdet\u00fcket vett\u00e9k a vizsg\u00e1k, ahol \u00e9n is izgatottan v\u00e1rtam a sz\u00ednre l\u00e9p\u00e9st. Partnereim hib\u00e1it szerencs\u00e9re higgadtan siker\u00fclt kompenz\u00e1lnom, a gyakorlatokat t\u0151lem telhet\u0151en sz\u00e9pen hajtottam v\u00e9gre. Az\u00e9rt amikor a jo oldalon azt l\u00e1ttam, hogy a sanbonme hissage kata kezdet\u00e9t a karddal dolgoz\u00f3 n\u00e9met le\u00e1ny az \u00f6t\u00f6s kata elej\u00e9vel ind\u00edtja\u2026 nem mondom, nem kicsit sz\u00f6k\u00f6tt fel a v\u00e9rnyom\u00e1som \ud83d\ude42<\/div>\n<div><\/div>\n<div>Mindezekkel egy\u00fctt a vizsga sikeres volt, \u00edgy a t\u00f6bbiekkel egy\u00fctt \u00f6r\u00fclve \u2013 \u00e9s kiss\u00e9 szomorkodva is, hiszen sajnos nem mindannyiunknak siker\u00fclt a megm\u00e9rettet\u00e9s \u2013 indultunk vissza a hotelba, ahol egy gyors \u00e9rt\u00e9kel\u00e9s \u00e9s zuhanyz\u00e1s, \u00e1t\u00f6lt\u00f6z\u00e9s ut\u00e1n a sayonara party vette kezdet\u00e9t.<\/div>\n<div><\/div>\n<div>Itt azt\u00e1n m\u00e1r a fesz\u00fclts\u00e9g al\u00f3l felszabadulva a t\u00e1rsas\u00e1g java elengedte mag\u00e1t \u00e9s hajnalig mulatott. \u00c9n, mivel m\u00e1snap a hazavezet\u00e9s is r\u00e1m v\u00e1rt, hamar elp\u00e1ly\u00e1ztam, hamar \u00e1lomba mer\u00fcltem.<\/div>\n<div><\/div>\n<div>M\u00e1snap reggel az indul\u00e1s el\u0151tt m\u00e9g szerencs\u00e9re volt id\u0151m egy \u00fcd\u00edt\u0151 szaun\u00e1ra \u00e9s gyors \u00fasz\u00e1sra, majd miut\u00e1n Jocit \u00e9s Anik\u00f3t elfuvaroztam az \u00e1llom\u00e1sra \u2013 \u0151k vonattal \u00e9s rep\u00fcl\u0151vel egyenesen Belgiumba mentek \u2013 bepakoltunk a kocsiba, \u00e9s a b\u00facs\u00faz\u00e1s ut\u00e1n hazaindultunk.<\/div>\n<div><\/div>\n<div>Ism\u00e9t egy nagyon j\u00f3 eml\u00e9kkel lehettem gazdagabb a 2019-es Jodo EB kapcs\u00e1n. Hatalmas haszn\u00e1t vettem H\u00e1ber Szenszei tan\u00edt\u00e1sainak, Andi lelki t\u00e1mogat\u00e1s\u00e1nak, pr\u00f3b\u00e1ltam Nemo k\u00fcl\u00f6nleges mentalit\u00e1s\u00e1b\u00f3l amit csak lehet, megval\u00f3s\u00edtani, hogy ne hozzak sz\u00e9gyent a klubomra.<\/div>\n<div><\/div>\n<div>A csapat egy bronz \u00e9rmet szerzett shodan kateg\u00f3ri\u00e1ban (Farkas B\u00e1lint \u00e1ltal), szerezt\u00fcnk egy Kantosho-t (Kar\u00e1di Ad\u00e9l \u00e9rdemelte ki) \u00e9s sz\u00e9p vizsgaeredm\u00e9nyeket hoztunk \u00fagy, hogy egy percnyi fesz\u00fcl\u00e9s, idegess\u00e9g vagy rossz hangulat sem f\u0171szerezte az esem\u00e9nyt.<\/div>\n<div><\/div>\n<div>\u00d6r\u00fcl\u00f6k, hogy r\u00e9szese lehettem ennek az eg\u00e9sznek. J\u00f6v\u0151re pedig megl\u00e1tjuk, hogy ki tud, ki mehet az Egyes\u00fclt Kir\u00e1lys\u00e1gba a hazai Jodo v\u00e1logatott tagjak\u00e9nt.<\/div>\n<div><\/div>\n<div>Gambatte!<\/div>\n<div><\/div>\n<div><i>Lepesi G\u00f6rgy<\/i><\/div>\n<div>\n<p>Gratul\u00e1lunk<b>\u00a0<\/b>\u00a0klubt\u00e1rsunknak az\u00a0<b>1 dan<\/b>\u00a0fokozat megszerz\u00e9s\u00e9hez!<\/p>\n<div>\n<p>&gt;&gt;\u00a0Verseny eredm\u00e9nyek\u00a0&#8211; Eur\u00f3pai Kend\u00f3 Sz\u00f6vets\u00e9g<\/p>\n<p>&gt;&gt; Az esem\u00e9nyr\u0151l k\u00e9sz\u00fclt\u00a0<a href=\"https:\/\/www.facebook.com\/pg\/PolskiZwiazekKendo\/photos\/?tab=album&amp;album_id=2373233646078116&amp;__xts__%5B0%5D=68.A\" target=\"_blank\" rel=\"noopener\">k\u00e9pek<\/a>\u00a0&#8211; Polski Zwi\u0105zek Kendo<\/p>\n<p>&gt;&gt; Hivatalos\u00a0<a href=\"https:\/\/www.facebook.com\/243216795712162\/posts\/2694481867252297\/?sfnsn=mo%20%20https:\/\/www.facebook.com\/pg\/PolskiZ\" target=\"_blank\" rel=\"noopener\">h\u00edr<\/a>\u00a0&#8211; Magyar Kendo Iaido \u00e9s Jodo Sz\u00f6vets\u00e9g<\/p>\n<\/div>\n<div><\/div>\n<\/div>\n<\/div>\n<div class=\"blog_album_box\"><a><img decoding=\"async\" class=\"blog_album_img\" src=\"http:\/\/shinbukan.hu\/fenykepalbum\/keptar_1573_big_2019.09.20-22_ejc_shinbukan_1.jpg\" alt=\" Kattintson a k\u00e9pre a nagy felbont\u00e1s\u00fa v\u00e1ltozat megtekint\u00e9s\u00e9hez!\" \/><\/a><\/div>\n<div class=\"blog_album_box\"><a><img decoding=\"async\" class=\"blog_album_img\" src=\"http:\/\/shinbukan.hu\/fenykepalbum\/keptar_1573_big_2019.09.20-22_ejc_shinbukan_2.jpg\" alt=\" Kattintson a k\u00e9pre a nagy felbont\u00e1s\u00fa v\u00e1ltozat megtekint\u00e9s\u00e9hez!\" \/><\/a><\/div>\n<div class=\"blog_album_box\"><a><img decoding=\"async\" class=\"blog_album_img\" src=\"http:\/\/shinbukan.hu\/fenykepalbum\/keptar_1573_big_2019.09.20-22_ejc_shinbukan_2_2.jpg\" alt=\" Kattintson a k\u00e9pre a nagy felbont\u00e1s\u00fa v\u00e1ltozat megtekint\u00e9s\u00e9hez!\" \/><\/a><\/div>\n<div class=\"blog_album_box\"><a><img decoding=\"async\" class=\"blog_album_img\" src=\"http:\/\/shinbukan.hu\/fenykepalbum\/keptar_1573_big_2019.09.20-22_ejc_shinbukan_2_3.jpg\" alt=\" Kattintson a k\u00e9pre a nagy felbont\u00e1s\u00fa v\u00e1ltozat megtekint\u00e9s\u00e9hez!\" \/><\/a><\/div>\n<\/div>\n\t\t<\/div><\/div><\/div><\/div><\/div>","protected":false},"excerpt":{"rendered":"<p>Tavaly nem \u00edrtam az EJC-s szerepl\u00e9sr\u0151l, nem gondoltam, hogy b\u00e1rkit \u00e9rdekelne, hogy szerepeltem :&#8211;) Miut\u00e1n id\u00e9n is a v\u00e1logatott csapat tagja lehettem, m\u00e9ghozz\u00e1 csapatmenedzserk\u00e9nt, \u00edgy itt az ideje egy \u00f6sszefoglal\u00f3nak (Szenszei \u00e9s Imi is finoman noszogatott \ud83d\ude00 ). Lassan f\u00e9l \u00e9ve k\u00e9sz\u00fcltem a feladatra, hogy a v\u00e1logatottat seg\u00edtsem a szerepl\u00e9s sor\u00e1n, illetve a shodan vizsg\u00e1mra, &hellip; <a href=\"https:\/\/shinbukan.hu\/?p=286\" class=\"more-link\"><span class=\"screen-reader-text\">&#8222;18 European Jodo Championships &#8211; Zawiercie&#8221;<\/span> b\u0151vebben<\/a><\/p>\n","protected":false},"author":2,"featured_media":0,"comment_status":"closed","ping_status":"open","sticky":false,"template":"","format":"standard","meta":{"footnotes":""},"categories":[7],"tags":[],"class_list":["post-286","post","type-post","status-publish","format-standard","hentry","category-kronika"],"_links":{"self":[{"href":"https:\/\/shinbukan.hu\/index.php?rest_route=\/wp\/v2\/posts\/286","targetHints":{"allow":["GET"]}}],"collection":[{"href":"https:\/\/shinbukan.hu\/index.php?rest_route=\/wp\/v2\/posts"}],"about":[{"href":"https:\/\/shinbukan.hu\/index.php?rest_route=\/wp\/v2\/types\/post"}],"author":[{"embeddable":true,"href":"https:\/\/shinbukan.hu\/index.php?rest_route=\/wp\/v2\/users\/2"}],"replies":[{"embeddable":true,"href":"https:\/\/shinbukan.hu\/index.php?rest_route=%2Fwp%2Fv2%2Fcomments&post=286"}],"version-history":[{"count":7,"href":"https:\/\/shinbukan.hu\/index.php?rest_route=\/wp\/v2\/posts\/286\/revisions"}],"predecessor-version":[{"id":18610,"href":"https:\/\/shinbukan.hu\/index.php?rest_route=\/wp\/v2\/posts\/286\/revisions\/18610"}],"wp:attachment":[{"href":"https:\/\/shinbukan.hu\/index.php?rest_route=%2Fwp%2Fv2%2Fmedia&parent=286"}],"wp:term":[{"taxonomy":"category","embeddable":true,"href":"https:\/\/shinbukan.hu\/index.php?rest_route=%2Fwp%2Fv2%2Fcategories&post=286"},{"taxonomy":"post_tag","embeddable":true,"href":"https:\/\/shinbukan.hu\/index.php?rest_route=%2Fwp%2Fv2%2Ftags&post=286"}],"curies":[{"name":"wp","href":"https:\/\/api.w.org\/{rel}","templated":true}]}}