{"id":294,"date":"2019-09-15T08:37:19","date_gmt":"2019-09-15T08:37:19","guid":{"rendered":"http:\/\/shinbukan.hu\/?p=294"},"modified":"2025-04-25T11:47:39","modified_gmt":"2025-04-25T09:47:39","slug":"shinbukan-iaido-taikai-praga","status":"publish","type":"post","link":"https:\/\/shinbukan.hu\/?p=294","title":{"rendered":"Shinbukan Iaido Taikai &#8211; Pr\u00e1ga"},"content":{"rendered":"<div id=\"pl-294\"  class=\"panel-layout\" ><div id=\"pg-294-0\"  class=\"panel-grid panel-no-style\" ><div id=\"pgc-294-0-0\"  class=\"panel-grid-cell\" ><div id=\"panel-294-0-0-0\" class=\"so-panel widget_text panel-first-child panel-last-child\" data-index=\"0\" ><div class=\"panel-widget-style panel-widget-style-for-294-0-0-0\" >\t\t\t<div class=\"textwidget\"><div class=\"blog_content_text\">\n<div>A lev\u00e9lben egy\u00e9rtelm\u0171 &#8222;k\u00e9r\u00e9s&#8221; \u00e1llt, jelenjek meg adott id\u0151pontban adott helyen. A t\u00e9ma: kihallgat\u00e1s\u00a0<i>tan\u00fak\u00e9nt.<\/i><\/div>\n<div>Gondoltam &#8211; mivel adnak igazol\u00e1st is :&#8211;) &#8211; eleget teszek a k\u00e9r\u00e9snek.<\/div>\n<div><i>\u00a0<\/i><\/div>\n<p>Az \u00e9p\u00fcletbe gyorsan beengedtek, b\u00e1r nyilv\u00e1nval\u00f3an ez az a hely, ahonnan kij\u00f6nni \u00e1ltal\u00e1ban nehezebb. A szob\u00e1ba egy n\u00e1lam fiatalabb, ismeretlen beoszt\u00e1s\u00fa f\u00e9rfi k\u00eds\u00e9rt fel (ezzel a t\u00edpussal csak a baj van, amint majd az t\u00f6rt\u00e9net\u00fcnk v\u00e9g\u00e9n ki is fog der\u00fclni). A szob\u00e1ban egy id\u0151sebb, \u0151rnagynak sz\u00f3l\u00edtott, szigor\u00fa tekintet\u0171 \u00far \u00fclt, a sarokban az \u00e1ltalam Gizik\u00e9nek elkeresztelt n\u0151, aki a jegyz\u0151k\u00f6nyvet r\u00f6gz\u00edtette (szeg\u00e9ny).<\/p>\n<div>K\u00f6sz\u00f6nt\u00fcnk egym\u00e1snak, majd fejest ugrottunk a j\u00e1t\u00e9kba. Az \u0151rnagy megemelte a hangj\u00e1t \u00e9s a szem\u00f6ld\u00f6k\u00e9t, majd k\u00e9rdezett egyet:<\/div>\n<div>&#8211; Meddig akarja m\u00e9g ezt csin\u00e1lni, mi?<\/div>\n<div>&#8211; Mire gondol? &#8211; k\u00e9rdeztem vissza nyugodt hangon, megtartva a hasi l\u00e9gz\u00e9st \u00e9s a norm\u00e1l pulzusomat.<\/div>\n<div>&#8211; Kezdj\u00fck az elej\u00e9n! Hol volt \u00e9s mit csin\u00e1lt 2019 szeptember 13 \u00e9s 15 k\u00f6z\u00f6tt!<\/div>\n<div>Gizike g\u00e9pelt, a fiatal tiszt magabiztosan tartotta az alacsonyabb beoszt\u00e1s\u00fa j\u00e1t\u00e9kos al\u00e1rendelt szerep\u00e9t (csendben) \u00e9n pedig tudtam, hogy eb\u00e9dig nem szabadulok.<\/div>\n<div>&#8211; P\u00e9nteken munka ut\u00e1n..<\/div>\n<div>&#8211; Van r\u00e1 tan\u00fa, hogy dolgozott?<\/div>\n<div>&#8211; Van, el\u00e9g sok kamera van az \u00e9p\u00fcletben, \u00e9s bel\u00e9p\u0151k\u00e1rty\u00e1val k\u00f6zlekedem, el tudja k\u00e9rni az adatokat a..<\/div>\n<div>&#8211; Tov\u00e1bb! Mi t\u00f6rt\u00e9nt munka ut\u00e1n?<\/div>\n<div>&#8211; Kett\u0151 \u00f3rakor metr\u00f3val \u00e9s villamossal a Vill\u00e1nyi \u00fatra utaztam az aut\u00f3mhoz.<\/div>\n<div>&#8211; Egyed\u00fcl?<\/div>\n<div>&#8211; Nem, a villamoson csatlakozott hozz\u00e1m Tibi is, aki git\u00e1rozik.<\/div>\n<div>&#8211; Mik maguk? Zenekar? Gizike (t\u00e9nyleg \u00edgy h\u00edvj\u00e1k&#8230;\u00e1\u00e1\u00e1\u00e1\u00e1&#8230;!), a jegyz\u0151k\u00f6nyv v\u00e9g\u00e9n r\u00f6gz\u00edts\u00fcnk a k\u00e9rd\u00e9ses illet\u0151 szem\u00e9lyes adatait! Mi t\u00f6rt\u00e9nt azut\u00e1n?<\/div>\n<div>&#8211; Nem vagyunk zenekar. A Feh\u00e9rv\u00e1ri \u00faton tankoltunk, majd indultunk Sensei lak\u00e1sa fel\u00e9.<\/div>\n<div>\n<p>&#8211; Maradjunk a hivatalos megnevez\u00e9sekn\u00e9l!<\/p>\n<\/div>\n<div>\n<p><img decoding=\"async\" class=\"blog_img\" src=\"http:\/\/shinbukan.hu\/fenykepalbum\/keptar_1572_big_2019.09.14-15_shinbukan_iaido_taikia_praga_0.jpg\" \/><\/p>\n<\/div>\n<div>&#8211; J\u00f3, akkor G\u00e1bor.<\/div>\n<div>&#8211; Gizike, a jegyz\u0151k\u00f6nyv v\u00e9g\u00e9n r\u00f6gz\u00edts\u00fcnk a k\u00e9rd\u00e9ses illet\u0151 szem\u00e9lyes adatait! Mi t\u00f6rt\u00e9nt azut\u00e1n?<\/div>\n<div>&#8211; Kivett\u00fck a gyerek\u00fcl\u00e9st, sz\u00e9tszedtem, lehajtottam egy \u00fcl\u00e9st hogy bef\u00e9rjen minden csomag \u00e9s a kardok is!<\/div>\n<div>&#8211; Sz\u00f3val beismeri! A k\u00f6zbiztons\u00e1gra k\u00fcl\u00f6n\u00f6sen vesz\u00e9lyes eszk\u00f6z\u00f6ket sz\u00e1ll\u00edtottak!<\/div>\n<div>&#8211; Az 1. szakasz 3 bekezd\u00e9s\u00e9nek b pontj\u00e1ban foglaltak szerint ezeket a rendeltet\u00e9sszer\u0171en haszn\u00e1lt sport eszk\u00f6z\u00f6ket becsomagolva rejtve, biztons\u00e1gos m\u00f3don sz\u00e1ll\u00edtottuk.<\/div>\n<div>&#8211; Sz\u00f3val jog\u00e1sz?<\/div>\n<div>&#8211; Nem, csak a sz\u00f6vets\u00e9g\u00fcnk k\u00e9rt egy hivatalos \u00e1ll\u00e1sfoglal\u00e1st\u00a0 a Rend\u00e9szeti \u00e9s fegyverenged\u00e9ly\u00fcgyi oszt\u00e1lyukt\u00f3l&#8230;<\/div>\n<div>&#8211; Mi t\u00f6rt\u00e9nt azut\u00e1n?<\/div>\n<div>\n<p>&#8211; Elindultunk, de miut\u00e1n ki\u00e9rt\u00fcnk a v\u00e1rosb\u00f3l azonnal meg\u00e1lltunk, enni, majd elindultunk Pr\u00e1ga fel\u00e9. \u00datk\u00f6zben nem hallgattuk az \u00fat zen\u00e9j\u00e9t, naplement\u00e9ben sz\u00e1ll\u00f3 l\u00e9ghaj\u00f3kat l\u00e1ttunk, meg\u00e1lltunk f\u00e9nyk\u00e9pezni, majd Szlov\u00e1kia ter\u00fclet\u00e9n a bajuszos b\u00e1csin\u00e1l ketten is elvesztett\u00fck a sz\u00fczess\u00e9g\u00fcnket.<\/p>\n<\/div>\n<div><img decoding=\"async\" class=\"blog_img\" src=\"http:\/\/shinbukan.hu\/fenykepalbum\/keptar_1572_big_2019.09.14-15_shinbukan_iaido_taikia_praga_184630.jpg\" \/><\/div>\n<div>&#8211; Tess\u00e9k??? Fejtse ki b\u0151vebben!<\/div>\n<div>&#8211; Egy benzink\u00fatn\u00e1l \u00e1lltunk meg, ahol egy bajuszos fej \u00e1ltal v\u00e9djegyzett \u00e9tteremben vacsor\u00e1ztunk, de ketten is most el\u0151sz\u00f6r \u00e9let\u00fcnkben. \u00cdgy t\u00f6rt\u00e9nt.<\/div>\n<div>&#8211; Nem tal\u00e1ltam viccesnek! Mi t\u00f6rt\u00e9nt m\u00e9g az \u00faton?<\/div>\n<div>&#8211; Rekordsz\u00e1m\u00fa \u00fatfel\u00faj\u00edt\u00e1s, \u00e1tlagsebess\u00e9g m\u00e9r\u0151 kamer\u00e1kkal, alagutak, majd k\u00e9s\u0151 esti \u00e9rkez\u00e9s Pr\u00e1g\u00e1ba. Fizett\u00fcnk, elfoglaltuk a szob\u00e1t majd aludni pr\u00f3b\u00e1ltunk de nem siker\u00fclt, mivel Tibi allergi\u00e1ja miatt horkolt \u00e9s..<\/div>\n<div>&#8211; T\u00e9rj\u00fcnk \u00e1t a szombatra!<\/div>\n<div>&#8211; Reggelizt\u00fcnk, \u00e9s j\u00f3 volt. Majd Juliska fel\u00e9 vett\u00fck az ir\u00e1nyt..<\/div>\n<div>&#8211; Gizike, a jegyz\u0151k\u00f6nyv v\u00e9g\u00e9n r\u00f6gz\u00edts\u00fcnk a k\u00e9rd\u00e9ses illet\u0151 szem\u00e9lyes adatait!<\/div>\n<div>&#8211; Nem sz\u00fcks\u00e9ges, ez egy sportcsarnok&#8230;<\/div>\n<div>&#8211; Akkor t\u00f6r\u00f6lje az utols\u00f3 megjegyz\u00e9st!<\/div>\n<div>&#8211; Aznap kat\u00e1k voltak.<\/div>\n<div>&#8211; Kik? \u00dajabb n\u0151k! Tudtam! Gizike&#8230;<\/div>\n<div>&#8211; Nem sz\u00fcks\u00e9ges r\u00f6gz\u00edteni a szem\u00e9lyes adatait, a formagyakorlatokat h\u00edvjuk kat\u00e1knak..<\/div>\n<div>&#8211; T\u00f6r\u00f6lje! Mi t\u00f6rt\u00e9nt m\u00e9g aznap?<\/div>\n<div>&#8211; Cook sensei azt mondta, nem a hib\u00e1inkat szeretn\u00e9 felt\u00e1rni, hanem\u00a0<b>azt szeretn\u00e9 megmutatni, hogyan tudjuk jobban csin\u00e1lni.<\/b><\/div>\n<div>&#8211; Magyarul besz\u00e9ljen!<\/div>\n<div>&#8211; Rendben. Szak\u00e1cs..<\/div>\n<div>&#8211; Tudtam. \u00dajabb tettest\u00e1rs: a szak\u00e1cs!<\/div>\n<div>&#8211; De mi volt a tett?<\/div>\n<div>&#8211; Itt \u00e9n k\u00e9rdezek!<\/div>\n<div>&#8211; K\u00e9rdezzen.<\/div>\n<div>&#8211; Van tan\u00fa minderre?<\/div>\n<div>&#8211; Igen, t\u00f6bb mint 60.. a szervez\u0151<a href=\"https:\/\/www.czech-kendo.cz\/\" target=\"_blank\" rel=\"noopener\">\u00a0Cseh Kend\u00f3 Sz\u00f6vets\u00e9g<\/a>\u00a0hivatalos megkeres\u00e9sre \u00e1t tudj\u00e1k adni a szem\u00e9lyes adataikat&#8230;<\/div>\n<div>&#8211; \u00c9s volt sz\u00fcnet? Arra van tan\u00fa?<\/div>\n<div>&#8211; Ketten voltunk Tibivel \u00f3ri\u00e1si nagyon hossz\u00fa \u00e9s vastag&#8230;<\/div>\n<div>&#8211; Mi?<\/div>\n<div>&#8211; ..d\u00fcr\u00fcm\u00f6t enni.<\/div>\n<div>&#8211; \u00c9s este?<\/div>\n<div>\n<p>&#8211; J\u00f3l esett a zuhany, majd besz\u00e9lgett\u00fcnk \u00e9s Tibivel vacsor\u00e1ztunk \u00e9s Kisvakondos boltban v\u00e1s\u00e1roltunk az \u00f3v\u00e1rosban.<\/p>\n<\/div>\n<div><img decoding=\"async\" class=\"blog_img\" src=\"http:\/\/shinbukan.hu\/fenykepalbum\/keptar_1572_big_2019.09.14-15_shinbukan_iaido_taikia_praga_180458.jpg\" \/><\/div>\n<div>&#8211; \u0150t ismerem!<\/div>\n<div>&#8211; A Kisvakondot? Majd a v\u00e9g\u00e9n megadom a szem\u00e9lyes adatait&#8230;<\/div>\n<div>&#8211; Ne humoriz\u00e1ljon! Folytassa!<\/div>\n<div>&#8211; \u00c9jszaka ism\u00e9t aludni pr\u00f3b\u00e1ltunk. Sensei bej\u00f6tt a s\u00f6t\u00e9tben \u00e9s \u00e1tk\u00f6lt\u00f6z\u00f6tt egy m\u00e1sik szob\u00e1ba, \u00e9n b\u00e1tor voltam \u00e9s maradtam, de hajnal kett\u0151 k\u00f6r\u00fcl m\u00e1r nem haszn\u00e1lt sem a p\u00e1rna sem a f\u00fcldug\u00f3 \u00edgy lek\u00f6lt\u00f6ztem a f\u00f6ldre aludni.<\/div>\n<div>&#8211; T\u00e9rj\u00fcnk \u00e1t a vas\u00e1rnapra!<\/div>\n<div>&#8211; Gyalog ment\u00fcnk, mivel munkag\u00e9pek miatt nem f\u00e9rt\u00fcnk hozz\u00e1 az aut\u00f3hoz.<\/div>\n<div>&#8211; Milyen munkag\u00e9p?<\/div>\n<div>&#8211; Egy fel\u00faj\u00edt\u00e1s alatt \u00e1ll\u00f3 utc\u00e1ban laktunk \u00e9s parkoltunk, ahov\u00e1 egy\u00e9bk\u00e9nt tilos volt behajtani.<\/div>\n<div>&#8211; Sz\u00f3val elismeri a szab\u00e1lys\u00e9rt\u00e9st!<\/div>\n<div>&#8211; Azt hiszem ez a cseh koll\u00e9g\u00e1ira tartozik.. Sz\u00f3val aznap\u00a0<a href=\"https:\/\/www.facebook.com\/events\/3332002816861345\/3352813751446918\/?notif_t=admin_plan_mall_activity&amp;notif_id=1\" target=\"_blank\" rel=\"noopener\">taikai\u00a0<\/a>volt. Egy\u00e9ni \u00e9s csapat..<\/div>\n<div>&#8211; Ne haszn\u00e1ljon idegen kifejez\u00e9seket!<\/div>\n<div>&#8211; Ez jap\u00e1n.. verseny. Legyen verseny.<\/div>\n<div>&#8211; Mi t\u00f6rt\u00e9nt ott?<\/div>\n<div>&#8211; Sokat \u00e1lltunk v\u00e1rtunk, keveset mozogtunk, \u00e9s megm\u00e9rk\u0151zt\u00fcnk a t\u00f6bbiekkel.<\/div>\n<div>&#8211; Karddal csapkodj\u00e1k egym\u00e1st? \u0150r\u00fcltek maguk?<\/div>\n<div>&#8211; Csak azt tudom mondani, amit a sportorvosnak is: ez formagyakorlat.. De igen, bizonyos \u00e9rtelemben \u0151r\u00fcltek vagyunk.<\/div>\n<div>&#8211; Pap\u00edrjuk van r\u00f3la?<\/div>\n<div>&#8211; M\u00e9g nincs&#8230;<\/div>\n<div>&#8211; Mi t\u00f6rt\u00e9nt m\u00e9g?<\/div>\n<div>&#8211; Eb\u00e9d, s\u00fct\u00f6tt a nap, majd d\u00e9lut\u00e1n csapatverseny. Cook sensei arra biztatott minket, hogy csak magunk\u00e9rt csin\u00e1ljuk, \u00e9s adjuk a legjobbat&#8230;<br \/>\nSensei &#8211; azaz G\u00e1bor &#8211; sajnos b\u00edr\u00e1skodott, \u00edgy egy angol versenyz\u0151vel eg\u00e9sz\u00fclt\u00fcnk ki. A T-Rex\u00fcnk durv\u00e1n menetelt csak a v\u00e9g\u00e9n bukott orra, mert egy szemtelen\u00fcl fiatal csapat volt jobb n\u00e1lunk.<\/div>\n<div>&#8211; H\u00fcll\u0151k is voltak?<\/div>\n<div>&#8211; Csak Robin\u00e1l, Kass\u00e1n, de a mi\u00e9nk m\u00e1r kihalt. A csapatunk neve volt ez. M\u00e1sodik helyez\u00e9st \u00e9rt\u00fcnk el.<\/div>\n<div>(Ekkor Gizike feln\u00e9zett, \u00e9s gratul\u00e1lt &#8211; majd \u00e9szrevette felettese tekintet\u00e9t \u00e9s g\u00e9pelt tov\u00e1bb.)<\/div>\n<div>&#8211; Vegy\u00fck majd fel a szem\u00e9lyes adatait!<\/div>\n<div>&#8211; Sz\u00fclet\u00e9si n\u00e9v:\u00a0<a href=\"https:\/\/hu.wikipedia.org\/wiki\/Tyrannosaurus\" target=\"_blank\" rel=\"noopener\">Tyrannosaurus rex<\/a>. Hossz\u00fa vastag farok..<\/div>\n<div>&#8211; El\u00e9g!<\/div>\n<div>&#8211; V\u00e9gezt\u00fcnk?<\/div>\n<div>&#8211; Vas\u00e1rnap \u00e9jf\u00e9lig mindent tudni akarok!<\/div>\n<div>&#8211; D\u00edj\u00e1tad\u00f3 volt. Kaptunk oklevelet, wasabis mogyor\u00f3t \u00e9s mochit&#8230; a z\u00e1r\u00f3 gondolatok ut\u00e1n visszaszerezt\u00fck az aut\u00f3t, \u00f6lt\u00f6zt\u00fcnk, kiel\u00e9g\u00edtett\u00fck a\u00a0<a>G\u00e9s\u00e1k \u00e9s\u00a0Fidork\u00e1k<\/a><a href=\"https:\/\/www.facebook.com\/Fidorka\/\" target=\"_blank\" rel=\"noopener\">\u00a0<\/a>ir\u00e1nti olthatatlan v\u00e1gyunkat..<\/div>\n<div>&#8211; ..ki..?<\/div>\n<div>&#8211; Csak csokik. F\u00e9nyk\u00e9pezkedt\u00fcnk egy Tesla szoborn\u00e1l, majd hazaindultunk. K\u00e9tszer \u00e1lltunk meg, telihold volt, sok sz\u00f3 esett a\u00a0f\u00e9m sz\u00edv\u00f3sz\u00e1l\u00a0k\u00fcl\u00f6nb\u00f6z\u0151 haszn\u00e1lati m\u00f3djair\u00f3l, zen\u00e9kr\u0151l, majd f\u00e1radtan mindenki haza\u00e9rt.<\/div>\n<div><\/div>\n<div><img decoding=\"async\" class=\"blog_img\" src=\"http:\/\/shinbukan.hu\/letoltes\/1572\/2019.09.14-15_shinbukan_iaido_taikia_praga_9341-ANIMATION.gif\" \/><\/div>\n<div>&#8211; Bevallja?<\/div>\n<div>&#8211; Mit?<\/div>\n<div>&#8211; Maga jav\u00edthatatlan! Be fogok mindenkit id\u00e9zni!<\/div>\n<div>&#8211; Tal\u00e1n kezdje a T-Rexszel vagy a Kisvakonddal&#8230; \u00c9hes lettem. V\u00e9gezt\u00fck. Nem ezt a droidot keresi. Tov\u00e1bbengedhetik.<\/div>\n<div>&#8211; Nem ezt a doridot keress\u00fck. Tov\u00e1bb..<\/div>\n<div><\/div>\n<div><\/div>\n<div><i><i>A jegyz\u0151k\u00f6nyv mell\u00e9kletek\u00e9nt szerepelt az al\u00e1bbi besz\u00e9lget\u00e9s,<br \/>\namely h\u00e1rmunk k\u00f6z\u00f6tt zajlott le hazafel\u00e9:<\/i><\/i><\/div>\n<div><i>&#8211; \u00cdrhatn\u00e9k egy haikut a f\u00e9m sz\u00edv\u00f3sz\u00e1lr\u00f3l..<\/i><\/div>\n<div><i>&#8211; De a haiku ehhez t\u00fal r\u00f6vid.<\/i><\/div>\n<div><i>&#8211; Igen, de a f\u00e9m sz\u00edv\u00f3sz\u00e1l hossz\u00fa..!<\/i><\/div>\n<div><\/div>\n<div><b><br \/>\nK\u00f6sz\u00f6nj\u00fck a\u00a0<a href=\"https:\/\/www.facebook.com\/SBKpraha\/photos\/?tab=album&amp;album_id=2567156126677486&amp;__xts__[0]=68.ARBWBwl3_JKK9xeCf-\" target=\"_blank\" rel=\"noopener\">tan\u00edt\u00e1st<\/a>, a t\u00fcrelmet, a felk\u00e9sz\u00edt\u00e9st, a j\u00f3 t\u00e1rsas\u00e1got \u00e9s a k\u00f6rnyezetbar\u00e1t a f\u00e9m sz\u00edv\u00f3sz\u00e1lat!<\/b><\/div>\n<div><b>\u00a0<\/b><\/div>\n<\/div>\n<div class=\"blog_album_box\"><a><img decoding=\"async\" class=\"blog_album_img\" src=\"http:\/\/shinbukan.hu\/fenykepalbum\/keptar_1572_big_2019.09.14-15_shinbukan_iaido_taikia_praga_090347.jpg\" alt=\" Kattintson a k\u00e9pre a nagy felbont\u00e1s\u00fa v\u00e1ltozat megtekint\u00e9s\u00e9hez!\" \/><\/a><a><img decoding=\"async\" class=\"blog_album_img\" src=\"http:\/\/shinbukan.hu\/fenykepalbum\/keptar_1572_big_2019.09.14-15_shinbukan_iaido_taikia_praga_183639.jpg\" alt=\" Kattintson a k\u00e9pre a nagy felbont\u00e1s\u00fa v\u00e1ltozat megtekint\u00e9s\u00e9hez!\" \/><\/a><a><img decoding=\"async\" class=\"blog_album_img\" src=\"http:\/\/shinbukan.hu\/fenykepalbum\/keptar_1572_big_2019.09.14-15_shinbukan_iaido_taikia_praga_144428.jpg\" alt=\" Kattintson a k\u00e9pre a nagy felbont\u00e1s\u00fa v\u00e1ltozat megtekint\u00e9s\u00e9hez!\" \/><\/a><a><img decoding=\"async\" class=\"blog_album_img\" src=\"http:\/\/shinbukan.hu\/fenykepalbum\/keptar_1572_big_2019.09.14-15_shinbukan_iaido_taikia_praga_9340.jpg\" alt=\" Kattintson a k\u00e9pre a nagy felbont\u00e1s\u00fa v\u00e1ltozat megtekint\u00e9s\u00e9hez!\" \/><\/a><a><img decoding=\"async\" class=\"blog_album_img\" src=\"http:\/\/shinbukan.hu\/fenykepalbum\/keptar_1572_big_2019.09.14-15_shinbukan_iaido_taikia_praga_all_of_them.jpg\" alt=\" Kattintson a k\u00e9pre a nagy felbont\u00e1s\u00fa v\u00e1ltozat megtekint\u00e9s\u00e9hez!\" \/><\/a><\/div>\n<\/div>\n\t\t<\/div><\/div><\/div><\/div><\/div>","protected":false},"excerpt":{"rendered":"<p>A lev\u00e9lben egy\u00e9rtelm\u0171 &#8222;k\u00e9r\u00e9s&#8221; \u00e1llt, jelenjek meg adott id\u0151pontban adott helyen. A t\u00e9ma: kihallgat\u00e1s\u00a0tan\u00fak\u00e9nt. Gondoltam &#8211; mivel adnak igazol\u00e1st is :&#8211;) &#8211; eleget teszek a k\u00e9r\u00e9snek. \u00a0 Az \u00e9p\u00fcletbe gyorsan beengedtek, b\u00e1r nyilv\u00e1nval\u00f3an ez az a hely, ahonnan kij\u00f6nni \u00e1ltal\u00e1ban nehezebb. A szob\u00e1ba egy n\u00e1lam fiatalabb, ismeretlen beoszt\u00e1s\u00fa f\u00e9rfi k\u00eds\u00e9rt fel (ezzel a t\u00edpussal csak &hellip; <a href=\"https:\/\/shinbukan.hu\/?p=294\" class=\"more-link\"><span class=\"screen-reader-text\">&#8222;Shinbukan Iaido Taikai &#8211; Pr\u00e1ga&#8221;<\/span> b\u0151vebben<\/a><\/p>\n","protected":false},"author":2,"featured_media":0,"comment_status":"closed","ping_status":"closed","sticky":false,"template":"","format":"standard","meta":{"footnotes":""},"categories":[7],"tags":[],"class_list":["post-294","post","type-post","status-publish","format-standard","hentry","category-kronika"],"_links":{"self":[{"href":"https:\/\/shinbukan.hu\/index.php?rest_route=\/wp\/v2\/posts\/294","targetHints":{"allow":["GET"]}}],"collection":[{"href":"https:\/\/shinbukan.hu\/index.php?rest_route=\/wp\/v2\/posts"}],"about":[{"href":"https:\/\/shinbukan.hu\/index.php?rest_route=\/wp\/v2\/types\/post"}],"author":[{"embeddable":true,"href":"https:\/\/shinbukan.hu\/index.php?rest_route=\/wp\/v2\/users\/2"}],"replies":[{"embeddable":true,"href":"https:\/\/shinbukan.hu\/index.php?rest_route=%2Fwp%2Fv2%2Fcomments&post=294"}],"version-history":[{"count":5,"href":"https:\/\/shinbukan.hu\/index.php?rest_route=\/wp\/v2\/posts\/294\/revisions"}],"predecessor-version":[{"id":18608,"href":"https:\/\/shinbukan.hu\/index.php?rest_route=\/wp\/v2\/posts\/294\/revisions\/18608"}],"wp:attachment":[{"href":"https:\/\/shinbukan.hu\/index.php?rest_route=%2Fwp%2Fv2%2Fmedia&parent=294"}],"wp:term":[{"taxonomy":"category","embeddable":true,"href":"https:\/\/shinbukan.hu\/index.php?rest_route=%2Fwp%2Fv2%2Fcategories&post=294"},{"taxonomy":"post_tag","embeddable":true,"href":"https:\/\/shinbukan.hu\/index.php?rest_route=%2Fwp%2Fv2%2Ftags&post=294"}],"curies":[{"name":"wp","href":"https:\/\/api.w.org\/{rel}","templated":true}]}}