{"id":320,"date":"2019-05-18T09:17:13","date_gmt":"2019-05-18T09:17:13","guid":{"rendered":"http:\/\/shinbukan.hu\/?p=320"},"modified":"2025-04-25T11:47:40","modified_gmt":"2025-04-25T09:47:40","slug":"cik-iaido-spring-seminar-modena-i","status":"publish","type":"post","link":"https:\/\/shinbukan.hu\/?p=320","title":{"rendered":"CIK Iaido Spring Seminar &#8211; Modena (I)"},"content":{"rendered":"<div id=\"pl-320\"  class=\"panel-layout\" ><div id=\"pg-320-0\"  class=\"panel-grid panel-no-style\" ><div id=\"pgc-320-0-0\"  class=\"panel-grid-cell\" ><div id=\"panel-320-0-0-0\" class=\"so-panel widget_text panel-first-child panel-last-child\" data-index=\"0\" >\t\t\t<div class=\"textwidget\"><ol>\n<li><strong> fejezet<\/strong><\/li>\n<\/ol>\n<p>Jajj, megint egy szemin\u00e1rium!<\/p>\n<p>&nbsp;<\/p>\n<p>A 6.dan-nos vizsga siker\u00e9nek rem\u00e9ny\u00e9ben indultam ennek az \u00fatnak, \u00e1m a kett\u0151ss\u00e9g jegy\u00e9ben az az \u00e9rz\u00e9s is ott lappangott benne: csod\u00e1lkozn\u00e9k ha siker\u00fclne.<\/p>\n<p>Remek t\u00e1rsas\u00e1g\u00e1ban utazhattam, k\u00f6nnyen k\u00f6zlekedhet\u0151 utakon jutottunk Modena v\u00e1ros\u00e1ba, ahol egy frissen fel\u00faj\u00edtott remek kis lak\u00e1s lett sz\u00e1ll\u00e1shely\u00fcnk. J\u00f3kat besz\u00e9lgett\u00fcnk, finom \u00e9teleket ett\u00fcnk, pihentet\u0151eket aludtunk. Teh\u00e1t minden ide\u00e1lis volt, hogy megmutathassuk saj\u00e1t legjobbunkat a vizsg\u00e1n.<\/p>\n<p>&nbsp;<\/p>\n<p>Term\u00e9szetesen egy ilyen vizsg\u00e1val z\u00e1r\u00f3d\u00f3 esem\u00e9ny r\u00e9sze a felk\u00e9sz\u00edt\u0151 szemin\u00e1rium, \u00e9s ez most sem volt m\u00e1sk\u00e9nt. Sajnos az ut\u00f3bbi \u00e9vekben egyre t\u00f6bbsz\u00f6r \u00e9rzem azt szemin\u00e1riumokon, hogy kit\u0171n\u0151 mesterek \u00e9rkeznek\u00a0 Jap\u00e1nb\u00f3l, akik hatalmas tud\u00e1st, tengernyi tapasztalatot hordoznak magukban, majd mikor neki l\u00e1tnak a szemin\u00e1rium megtart\u00e1s\u00e1nak egy oktat\u00e1si \u00e9s pedag\u00f3giai r\u00e9m\u00e1lom veszi kezdet\u00e9t. Vagy az \u00e9n ig\u00e9nyeim \u00e9s kritikus szeml\u00e9letem er\u0151s\u00f6dtek fel mi\u00f3ta az oktat\u00e1s form\u00e1it tanulm\u00e1nyozom, vagy azzal kell szembes\u00fcljek, hogy a legmagasabb szint\u0171 mesterek nem rendelkeznek a nagy sz\u00e1m\u00fa csoportok oktat\u00e1si m\u00f3dszereivel, vagy &#8230; ? A k\u00e9rd\u00e9s term\u00e9szetesen k\u00f6lt\u0151i marad, de \u00e9l bennem a v\u00e1gy hogy megtudjam egyszer a v\u00e1laszt. Hogy val\u00f3s \u00e9lm\u00e9nyt is mes\u00e9ljek, \u00e9s ne csak filozof\u00e1ljak, megeml\u00edtek n\u00e9h\u00e1ny, bennem nagy vihart kavar\u00f3 \u00e9lm\u00e9nyt.<\/p>\n<p>&#8211; Az els\u0151, teljes nap alatt tal\u00e1n ha 5-10 perc mozg\u00e1s jutott \u00f6sszesen a 4-6. dan k\u00e9pvisel\u0151inek. \u00d3r\u00e1kon \u00e1t \u00e1llhattunk \u00e9s hallhattuk az \u00e9rtekez\u00e9seket. Nem mondom, hogy nem hallottunk hasznos \u00e9s \u00e9rdemes dolgokat, de &#8230; j\u00f3 lett volna p\u00e1r kapott instrukci\u00f3t esetleg lemozogni, megpr\u00f3b\u00e1lni p\u00e1rszor.<\/p>\n<p>&#8211; Nagyon kellemetlen\u00fcl tudom \u00e9rezni magam a b\u0151r\u00f6mben, mikor a vezet\u0151 tan\u00e1r technikai bemutat\u00e1sait k\u00f6vet\u0151en nem \u00e9rtem, hogy az elv\u00e1rt, vagy a helytelennek gondolt mozdulatsorokat prezent\u00e1lja, magyar\u00e1zza.\u00a0 \u00c9s ezt nem a nyelvi akad\u00e1lyok, a ford\u00edt\u00e1s, vagy a kultur\u00e1lis k\u00fcl\u00f6nbs\u00e9gek okozt\u00e1k, mivel rajtam k\u00edv\u00fcl m\u00e9g t\u00f6bben \u00e9lt\u00e9k meg ugyan ezt ugyan \u00edgy.<\/p>\n<p>&nbsp;<\/p>\n<p>Nem akarok negat\u00edv kritik\u00e1t kinyilv\u00e1n\u00edtani, csak azt szerettem volna kifejezni, egy olyan szemin\u00e1riumon, ahol minden egyes r\u00e9sztvev\u0151 vizsga el\u0151tt \u00e1ll, tal\u00e1n hasznosabb lenne, egy t\u00e1mogat\u00f3, meger\u0151s\u00edt\u0151, egy\u00e9rtelm\u0171s\u00edt\u0151 tematika alkalmaz\u00e1sa.<\/p>\n<p>&nbsp;<\/p>\n<p>Mindezek ellen\u00e9re azt gondolom, mindannyian k\u00e9szen \u00e1lltunk egy sikeres vizsg\u00e1ra. Sajn\u00e1lom, hogy egyik\u00fcnknek sem siker\u00fclt, az aut\u00f3ban elf\u00e9rt volna haza fel\u00e9 p\u00e1r d\u00edszes kartonlap.<\/p>\n<p>&nbsp;<\/p>\n<ol start=\"2\">\n<li><strong> Fejezet<\/strong><\/li>\n<\/ol>\n<p>Szeml\u00e9let fejleszt\u00e9s \u00fatj\u00e1n.<\/p>\n<p>&nbsp;<\/p>\n<p>Sz\u00e1mtalan vizsgahelyzet \u00e9s az azokhoz kapcsol\u00f3d\u00f3 utaz\u00e1sok kapcs\u00e1n az ut\u00f3bbi id\u0151kben hajlamos vagyok lemond\u00f3an, szkeptikusan \u00e1ll\u00e1st foglalni. Sok f\u00e1raszt\u00f3 utaz\u00e1s, magas k\u00f6lts\u00e9gek, f\u00f6l\u00f6sleges taikai n\u00e9z\u00e9sek (vagy csak egyszer\u0171en \u00edgy: european ego championship v\u00e9gign\u00e9z\u00e9se). Kev\u00e9s tanuls\u00e1g \u00e9s hozad\u00e9k mellett sok er\u0151fesz\u00edt\u00e9s. Amennyiben \u00e9letem egyetlen f\u0151 csap\u00e1svonala volna az iaido, akkor tal\u00e1n mondhatn\u00e1m, m\u00e9gis meg\u00e9ri. Utaz\u00e1s, \u00e9lm\u00e9ny, stb &#8230; valami ilyesmi indokokkal al\u00e1t\u00e1masztva. De nincs \u00edgy. \u00c9s ezen \u00e1ll\u00e1spontomat ingatta meg \u00e9s gondolkodtatott el Jen\u0151 b\u00e1&#8217; hazat\u00e9rt\u00fcnk ut\u00e1n le\u00edrt n\u00e9z\u0151pontja, ami igazi szeml\u00e9let form\u00e1l\u00f3 tananyagk\u00e9nt hatott r\u00e1m.<\/p>\n<p>&nbsp;<\/p>\n<p>&#8222;A sokszor felvet\u0151d\u00f6tt EU Iaido taikai gondolata m\u00e1r l\u00e9tezik. M\u00e1r van, \u00e9vente kett\u0151 is, az EB \u00e9s egy m\u00e1sik alkalom, az EKF magas dan-os vizsga, id\u00e9n ez most Moden\u00e1ban volt. Ezen k\u00e9t alkalommal akik Eur\u00f3p\u00e1ban iaido-znak megmutathatj\u00e1k a t\u00f6bbieknek \u00e9s az eur\u00f3pai iaido vezet\u0151 tan\u00e1rainak, valamint a megjelent Jap\u00e1n deleg\u00e1ci\u00f3 tagjainak, hogy mit tudnak. A bemutat\u00f3nak r\u00e9szv\u00e9teli d\u00edja van, \u00e9s ez\u00e9rt elv\u00e1rjuk, hogy a megjelentek 6 percig r\u00e1nk figyeljenek. A Kyoto-taikai sem ingyenes, az utaz\u00e1s oda m\u00e9g dr\u00e1g\u00e1bb is.&#8221;<\/p>\n<p>&nbsp;<\/p>\n<p>\u00c9s val\u00f3ban. A vizsg\u00e1k alatt a megszokott s\u00edri csend uralja a hatalmas teret, a k\u00e9zzel szinte kitapinthat\u00f3 koncentr\u00e1ci\u00f3 hangulata lebeg p\u00e1r \u00f3r\u00e1n \u00e1t a csarnokban, \u00e9s mindenki teljes figyelemmel ad\u00f3zik a 6. \u00e9s 7. dan vizsg\u00e1z\u00f3inak. M\u00e9g az a motoszk\u00e1l\u00e1s \u00e9s ny\u00fczsg\u00e9s sincs, mint a Kyoto-taikai-on. \ud83d\ude42<\/p>\n<p><a><img decoding=\"async\" class=\"blog_album_img\" src=\"http:\/\/shinbukan.hu\/fenykepalbum\/keptar_1564_big_2019.05.17_modena_iaido_shinbukan2.jpg\" alt=\" Kattintson a k\u00e9pre a nagy felbont\u00e1s\u00fa v\u00e1ltozat megtekint\u00e9s\u00e9hez!\" \/><\/a><a><img decoding=\"async\" class=\"blog_album_img\" src=\"http:\/\/shinbukan.hu\/fenykepalbum\/keptar_1564_big_2019.05.17_modena_iaido_shinbukan1.jpg\" alt=\" Kattintson a k\u00e9pre a nagy felbont\u00e1s\u00fa v\u00e1ltozat megtekint\u00e9s\u00e9hez!\" \/><\/a><a><img decoding=\"async\" class=\"blog_album_img\" src=\"http:\/\/shinbukan.hu\/fenykepalbum\/keptar_1564_big_2019.05.17_modena_iaido_csoport.jpg\" alt=\" Kattintson a k\u00e9pre a nagy felbont\u00e1s\u00fa v\u00e1ltozat megtekint\u00e9s\u00e9hez!\" \/><\/a><\/p>\n<\/div>\n\t\t<\/div><\/div><\/div><\/div>","protected":false},"excerpt":{"rendered":"<p>fejezet Jajj, megint egy szemin\u00e1rium! &nbsp; A 6.dan-nos vizsga siker\u00e9nek rem\u00e9ny\u00e9ben indultam ennek az \u00fatnak, \u00e1m a kett\u0151ss\u00e9g jegy\u00e9ben az az \u00e9rz\u00e9s is ott lappangott benne: csod\u00e1lkozn\u00e9k ha siker\u00fclne. Remek t\u00e1rsas\u00e1g\u00e1ban utazhattam, k\u00f6nnyen k\u00f6zlekedhet\u0151 utakon jutottunk Modena v\u00e1ros\u00e1ba, ahol egy frissen fel\u00faj\u00edtott remek kis lak\u00e1s lett sz\u00e1ll\u00e1shely\u00fcnk. J\u00f3kat besz\u00e9lgett\u00fcnk, finom \u00e9teleket ett\u00fcnk, pihentet\u0151eket aludtunk. Teh\u00e1t &hellip; <a href=\"https:\/\/shinbukan.hu\/?p=320\" class=\"more-link\"><span class=\"screen-reader-text\">&#8222;CIK Iaido Spring Seminar &#8211; Modena (I)&#8221;<\/span> b\u0151vebben<\/a><\/p>\n","protected":false},"author":2,"featured_media":0,"comment_status":"closed","ping_status":"open","sticky":false,"template":"","format":"standard","meta":{"footnotes":""},"categories":[7],"tags":[],"class_list":["post-320","post","type-post","status-publish","format-standard","hentry","category-kronika"],"_links":{"self":[{"href":"https:\/\/shinbukan.hu\/index.php?rest_route=\/wp\/v2\/posts\/320","targetHints":{"allow":["GET"]}}],"collection":[{"href":"https:\/\/shinbukan.hu\/index.php?rest_route=\/wp\/v2\/posts"}],"about":[{"href":"https:\/\/shinbukan.hu\/index.php?rest_route=\/wp\/v2\/types\/post"}],"author":[{"embeddable":true,"href":"https:\/\/shinbukan.hu\/index.php?rest_route=\/wp\/v2\/users\/2"}],"replies":[{"embeddable":true,"href":"https:\/\/shinbukan.hu\/index.php?rest_route=%2Fwp%2Fv2%2Fcomments&post=320"}],"version-history":[{"count":2,"href":"https:\/\/shinbukan.hu\/index.php?rest_route=\/wp\/v2\/posts\/320\/revisions"}],"predecessor-version":[{"id":322,"href":"https:\/\/shinbukan.hu\/index.php?rest_route=\/wp\/v2\/posts\/320\/revisions\/322"}],"wp:attachment":[{"href":"https:\/\/shinbukan.hu\/index.php?rest_route=%2Fwp%2Fv2%2Fmedia&parent=320"}],"wp:term":[{"taxonomy":"category","embeddable":true,"href":"https:\/\/shinbukan.hu\/index.php?rest_route=%2Fwp%2Fv2%2Fcategories&post=320"},{"taxonomy":"post_tag","embeddable":true,"href":"https:\/\/shinbukan.hu\/index.php?rest_route=%2Fwp%2Fv2%2Ftags&post=320"}],"curies":[{"name":"wp","href":"https:\/\/api.w.org\/{rel}","templated":true}]}}