{"id":356,"date":"2016-11-30T10:14:58","date_gmt":"2016-11-30T10:14:58","guid":{"rendered":"http:\/\/shinbukan.hu\/?p=356"},"modified":"2025-04-22T15:43:58","modified_gmt":"2025-04-22T13:43:58","slug":"a-tanfolyam-2016-11-30-szilva-imre","status":"publish","type":"post","link":"https:\/\/shinbukan.hu\/?p=356","title":{"rendered":"A tanfolyam &#8211; 2016.11.30 &#8211; Sz. Imre"},"content":{"rendered":"<div id=\"pl-356\"  class=\"panel-layout\" ><div id=\"pg-356-0\"  class=\"panel-grid panel-no-style\" ><div id=\"pgc-356-0-0\"  class=\"panel-grid-cell\" ><div id=\"panel-356-0-0-0\" class=\"so-panel widget_text panel-first-child panel-last-child\" data-index=\"0\" >\t\t\t<div class=\"textwidget\"><div><img decoding=\"async\" class=\"blog_img\" src=\"http:\/\/shinbukan.hu\/letoltes\/1510\/szilva_imre_iaido_sportoktato_shinbukan_2016.jpg\"  \/><\/div>\n<div><\/div>\n<div>A k\u00e9pen a sikeres &#8211; jeles &#8211; vizsga ut\u00e1n vagyok l\u00e1that\u00f3, itt l\u00e1that\u00f3 a v\u00e9g, a &#8222;nagy boldogs\u00e1g&#8221;&#8230;de mi t\u00f6rt\u00e9nt az ezt megel\u0151z\u0151 \u00e9vben?<\/div>\n<div><\/div>\n<div>Tavaly novemberben tudtam meg, hogy janu\u00e1rt\u00f3l nem lesz \u00e1ll\u00e1som: felszabad\u00edt\u00f3 \u00e9rz\u00e9s volt! Azonnal elkezdtem \u00e1ll\u00e1skeres\u00e9s helyett az \u00f6tleteimet &#8211; egy k\u00e9tszem\u00e9lyes roadster b\u00e9rbead\u00e1s\u00e1t \u00e9s gyerekeknek mozg\u00e1sos tev\u00e9kenys\u00e9g tart\u00e1s\u00e1t &#8211; megval\u00f3s\u00edtani.<\/p>\n<\/div>\n<div>A szabadid\u0151 mennyis\u00e9ge, a tanul\u00e1s ut\u00e1ni v\u00e1gy (16 \u00e9v telt el a f\u0151iskolai oklev\u00e9l \u00e1tv\u00e9tele \u00f3ta) \u00e9s a torna oktat\u00e1s hivataloss\u00e1 t\u00e9tele arra \u00f6szt\u00f6nz\u00f6tt, hogy k\u00e9pz\u00e9si lehet\u0151s\u00e9geket b\u00f6ng\u00e9sszek &#8211; \u00e9s mivel 11 \u00e9ve m\u00e9giscsak kard van a kezemben, \u00e9sszer\u0171nek t\u0171nt, hogy Iaido sportoktat\u00f3 lehetn\u00e9k.<\/div>\n<div>Seg\u00edts\u00e9get k\u00e9rtem az e tekintetben is el\u0151ttem halad\u00f3kt\u00f3l, H\u00e1bermajer G\u00e1bort\u00f3l \u00e9s N\u00e9met Zolt\u00e1nt\u00f3l, akiknek k\u00f6sz\u00f6nhet\u0151en gyorsan kider\u00fclt, hogy a tanfolyam m\u00e1r elindult, de &#8211; Mihalik Hunor enged\u00e9ly\u00e9nek ut\u00e1n &#8211; m\u00e9g fejest ugorhatok az ismeretlenbe, ha szeretn\u00e9k&#8230;<\/div>\n<div><\/div>\n<div>Azon a szombaton nem voltam biztos, hogy szeretn\u00e9m&#8230;de elindultam.<br \/>\n\u00c9s ott maradtam.<\/div>\n<div><\/div>\n<div>Az els\u0151 k\u00e9t h\u00e9ten f\u00e1jt a fejem a sok tud\u00e1st\u00f3l. Lassan r\u00e1z\u00f3dtam bele, de j\u00f3 volt, hogy az otthon t\u00f6lt\u00f6tt napokba valami rutin ker\u00fcl, \u00e9s tal\u00e1lkozom emberekkel is.<\/div>\n<div>\u00c9s tanultunk! Sportpedag\u00f3gia, gimnasztika, sportpszichol\u00f3gia, sporteg\u00e9szs\u00e9g\u00fcgy, sportszervez\u00e9s, edz\u00e9selm\u00e9let-m\u00f3dszertan &#8211; minden szombaton 9-16:20-ig. Tan\u00e1rainkr\u00f3l sokat elmond az a t\u00e9ny, hogy t\u00f6bbs\u00e9g\u00fck a Testnevel\u00e9si Egyetem tan\u00edt, doktori fokozata van &#8211; \u00e9s ami a legfontosabb: sokan id\u0151s koruk ellen\u00e9re is mai napig rendszeresen mozognak!<\/div>\n<div><\/div>\n<div>Sokszor f\u00e1raszt\u00f3 volt ezt a hatalmas tud\u00e1st \u00e9s tapasztalatot befogadni, nagyon sok hasznos \u00e9s \u00e9rdekes inform\u00e1ci\u00f3 hangzott &#8211; de\u00a0kitart\u00f3 voltam, figyeltem, jegyzeteltem, \u00edgy tavasszal sikeres volt az els\u0151 sz\u0171r\u0151: a gimnasztika gyakorlat modulz\u00e1r\u00f3 vizsga (amelyhez k\u00e9t kidolgozott h\u00e1zi dolgozat volt a beugr\u00f3&#8230;).<\/p>\n<\/div>\n<div>Ny\u00e1ron a sz\u00ednes csoportunk (brazil dzsicu, karate, ugr\u00e1l\u00f3k\u00f6t\u00e9l, ker\u00e9kp\u00e1r, \u00fasz\u00e1s, asztalitenisz,tollaslabda, kung-fu, kendo, iaido &#8211; micsoda kapcsolati t\u0151ke!) \u00a0leveg\u0151h\u00f6z jutott, de tudtuk, a neheze m\u00e9g h\u00e1tra van.<\/div>\n<div>\nGyorsan el\u00e9rkezett az \u0151sz, a modulz\u00e1r\u00f3 vizsg\u00e1k id\u0151szaka. Elhat\u00e1roztuk, hogy k\u00f6z\u00f6sen dolgozzuk ki a t\u00e9teleket, tanultunk &#8211; nekem k\u00f6zben lett egy 8 \u00f3r\u00e1s munkahelyem &#8211; , j\u00f6tt a p\u00e1nik, ott lebegett, hogy az Iaido EB &#8211; \u00e9s az \u00e9n 4. danos vizsg\u00e1m &#8211; egy h\u00e9tv\u00e9g\u00e9re esik a v\u00e9gs\u0151 vizsg\u00e1val&#8230;<\/div>\n<div><\/div>\n<div>Nyugodt voltam, j\u00f3 t\u00e9teleket h\u00faztam, a gyakorlati \u00e9s elm\u00e9leti vizsga is siker\u00fclt &#8211; \u00e9s futottam a K\u00f6rcsarnokba, hogy ott is megmutassam amit tudok.<\/div>\n<div><\/div>\n<div><\/div>\n<div>Aj\u00e1nlom-e ezt j\u00f3 sz\u00edvvel b\u00e1rkinek? Neh\u00e9z k\u00e9rd\u00e9s..<br \/>\nMunka \u00e9s csal\u00e1d mellett hatalmas er\u0151fesz\u00edt\u00e9st ig\u00e9nyel egy ilyen tanfolyam &#8211; \u00e9s nem kev\u00e9s p\u00e9nzbe ker\u00fcl. Neh\u00e9z volt lemondani Iaido szemin\u00e1riumokr\u00f3l emiatt&#8230;\u00e9s ha ezeket a napokat esetleg a magyar v\u00e1logatott tagjaival t\u00f6lt\u00f6ttem volna, felk\u00e9sz\u00fcltebb lehettem volna a dan vizsg\u00e1n &#8211; ami (annak ellen\u00e9re, hogy a j\u00f3 hangulat\u00fa vizsg\u00e1n a jap\u00e1n bizotts\u00e1g el\u0151tt \u00f6sszeszedetten \u00e9s nyugodtam adtam sz\u00e1mot arr\u00f3l, hol is tartok) nem siker\u00fclt.<\/p>\n<p>A tud\u00e1s az eny\u00e9m, \u00e9s b\u00e1r az ovis torna v\u00e1llalkoz\u00e1s nem indult el, a megszerzett ismereteket tudni fogom hasznos\u00edtani a gyakorl\u00e1sok \u00e9s tan\u00edt\u00e1sok alkalm\u00e1val!<\/p><\/div>\n<div><\/div>\n<div><img decoding=\"async\" class=\"blog_img\" src=\"http:\/\/shinbukan.hu\/letoltes\/1510\/sportoktato_sportedzo_tanfolyam_2015-2016.jpg\" \/><\/div>\n<\/div>\n\t\t<\/div><\/div><\/div><\/div>","protected":false},"excerpt":{"rendered":"<p>A k\u00e9pen a sikeres &#8211; jeles &#8211; vizsga ut\u00e1n vagyok l\u00e1that\u00f3, itt l\u00e1that\u00f3 a v\u00e9g, a &#8222;nagy boldogs\u00e1g&#8221;&#8230;de mi t\u00f6rt\u00e9nt az ezt megel\u0151z\u0151 \u00e9vben? Tavaly novemberben tudtam meg, hogy janu\u00e1rt\u00f3l nem lesz \u00e1ll\u00e1som: felszabad\u00edt\u00f3 \u00e9rz\u00e9s volt! Azonnal elkezdtem \u00e1ll\u00e1skeres\u00e9s helyett az \u00f6tleteimet &#8211; egy k\u00e9tszem\u00e9lyes roadster b\u00e9rbead\u00e1s\u00e1t \u00e9s gyerekeknek mozg\u00e1sos tev\u00e9kenys\u00e9g tart\u00e1s\u00e1t &#8211; megval\u00f3s\u00edtani. A &hellip; <a href=\"https:\/\/shinbukan.hu\/?p=356\" class=\"more-link\"><span class=\"screen-reader-text\">&#8222;A tanfolyam &#8211; 2016.11.30 &#8211; Sz. Imre&#8221;<\/span> b\u0151vebben<\/a><\/p>\n","protected":false},"author":2,"featured_media":0,"comment_status":"closed","ping_status":"open","sticky":false,"template":"","format":"standard","meta":{"footnotes":""},"categories":[6],"tags":[],"class_list":["post-356","post","type-post","status-publish","format-standard","hentry","category-esszek"],"_links":{"self":[{"href":"https:\/\/shinbukan.hu\/index.php?rest_route=\/wp\/v2\/posts\/356","targetHints":{"allow":["GET"]}}],"collection":[{"href":"https:\/\/shinbukan.hu\/index.php?rest_route=\/wp\/v2\/posts"}],"about":[{"href":"https:\/\/shinbukan.hu\/index.php?rest_route=\/wp\/v2\/types\/post"}],"author":[{"embeddable":true,"href":"https:\/\/shinbukan.hu\/index.php?rest_route=\/wp\/v2\/users\/2"}],"replies":[{"embeddable":true,"href":"https:\/\/shinbukan.hu\/index.php?rest_route=%2Fwp%2Fv2%2Fcomments&post=356"}],"version-history":[{"count":4,"href":"https:\/\/shinbukan.hu\/index.php?rest_route=\/wp\/v2\/posts\/356\/revisions"}],"predecessor-version":[{"id":19360,"href":"https:\/\/shinbukan.hu\/index.php?rest_route=\/wp\/v2\/posts\/356\/revisions\/19360"}],"wp:attachment":[{"href":"https:\/\/shinbukan.hu\/index.php?rest_route=%2Fwp%2Fv2%2Fmedia&parent=356"}],"wp:term":[{"taxonomy":"category","embeddable":true,"href":"https:\/\/shinbukan.hu\/index.php?rest_route=%2Fwp%2Fv2%2Fcategories&post=356"},{"taxonomy":"post_tag","embeddable":true,"href":"https:\/\/shinbukan.hu\/index.php?rest_route=%2Fwp%2Fv2%2Ftags&post=356"}],"curies":[{"name":"wp","href":"https:\/\/api.w.org\/{rel}","templated":true}]}}