{"id":371,"date":"2015-10-12T10:26:29","date_gmt":"2015-10-12T10:26:29","guid":{"rendered":"http:\/\/shinbukan.hu\/?p=371"},"modified":"2025-04-25T11:31:06","modified_gmt":"2025-04-25T09:31:06","slug":"tiz-ev-multan-vass-gergely-szilva-imre","status":"publish","type":"post","link":"https:\/\/shinbukan.hu\/?p=371","title":{"rendered":"T\u00edz \u00e9v m\u00falt\u00e1n &#8211; Vass Gergely-Sz. Imre"},"content":{"rendered":"<div id=\"pl-371\"  class=\"panel-layout\" ><div id=\"pg-371-0\"  class=\"panel-grid panel-no-style\" ><div id=\"pgc-371-0-0\"  class=\"panel-grid-cell\" ><div id=\"panel-371-0-0-0\" class=\"so-panel widget_text panel-first-child panel-last-child\" data-index=\"0\" >\t\t\t<div class=\"textwidget\"><div>Besz\u00e9lget\u00e9s klubunk k\u00e9t tagj\u00e1val, Vass Gergellyel \u00e9s Sz. Imr\u00e9vel, akik folyamatos gyakorl\u00e1sukban nemr\u00e9g l\u00e9pt\u00e9k \u00e1t a tizedik \u00e9vet.<\/div>\n<div><\/div>\n<div><b>H\u00e1bermajer G\u00e1bor<\/b>:\u00a0<b>Mik voltak a leger\u0151sebb \u00e9lm\u00e9nyeitek?<\/b><\/div>\n<div><\/div>\n<div><b>Vass Gergely:<br \/>\n<\/b><\/div>\n<div>A leger\u0151sebb \u00e9lm\u00e9nyem a t\u00fck\u00f6r, amit magamr\u00f3l kaptam t\u0151letek \u00e9s magamt\u00f3l. A lehet\u0151s\u00e9g, hogy szemben\u00e9zhetek \u00f6nmagammal, a hib\u00e1immal, a rossz dolgokkal, \u00e9s lehet\u0151s\u00e9get kaptam r\u00e1, hogy v\u00e1ltoztassak. F\u00e9lelmetes egy \u00fat.<\/div>\n<div>A bar\u00e1ts\u00e1gok \u00e9s az emberek, akiknek egy sz\u0171k v\u00e1logatott r\u00e9teg\u00e9vel tal\u00e1lkozhatok, akik egy kapocsra az iaido-ra felf\u0171zve jelennek meg az \u00e9letemben \u00e9s lesznek annak r\u00e9szei. Olyan ez, mint egy kiv\u00e9teles v\u00e1logat\u00f3, ahol egy el\u0151sz\u0171r\u00e9s ut\u00e1n egym\u00e1sra lehet tal\u00e1lni!<\/div>\n<div>\n<div><b>Sz. Imre:<br \/>\n<\/b><\/div>\n<div>\n<p>Neh\u00e9z a v\u00e1laszt\u00e1s, a(z els\u0151 nagy) t\u00e1borok, a besz\u00e9lget\u00e9sek az utakon, a jodo alatti gyakorl\u00e1sok egyed\u00fcl..<\/p>\n<\/div>\n<div>\n<p>1. A<span style=\"font-family: inherit; font-size: inherit;\">\u00a0legeml\u00e9k<\/span><span style=\"font-family: inherit; font-size: inherit;\">ezetesebb az els\u0151 nap volt, amikor vend\u00e9gk\u00e9nt \u201e<\/span><a style=\"font-family: inherit; font-size: inherit;\" href=\"https:\/\/sites.google.com\/site\/habermajer\/haber\/ott-alltal-az-ajtoban\" target=\"\">ott \u00e1lltam az ajt\u00f3ban<\/a><span style=\"font-family: inherit; font-size: inherit;\">\u201d.<\/span><\/p>\n<p><img decoding=\"async\" class=\"blog_img\" style=\"font-family: inherit; font-size: inherit;\" src=\"http:\/\/shinbukan.hu\/letoltes\/1466\/sensei.jpg\" \/><\/p>\n<\/div>\n<div>\n<p>A n\u00e9z\u0151pontom kiss\u00e9 elt\u00e9r\u0151 volt a t\u00f6bbi (\u00fcl\u0151, a sor v\u00e9g\u00e9t l\u00e1t\u00f3\u2026) \u00e9rdekl\u0151d\u0151h\u00f6z k\u00e9pest, \u00e9n egy szem\u00e9lyre ir\u00e1ny\u00edtottam a figyelmemet \u2013 igen, Sensei! :&#8211;) Sajnos nem tudom, milyen gyakorlatok voltak (lehet, hogy koryu is volt benne? ;&#8211;)), de a l\u00e1tv\u00e1ny teljesen mag\u00e1val ragadott. Er\u0151t l\u00e1ttam, dinamik\u00e1t, valami teljesen \u00faj \u00e9s m\u00e9ly szellemis\u00e9get, ami mindig is a r\u00e9szem volt, amit mindig is kerestem\u2026p\u00e1r nap m\u00falva m\u00e1r ott \u00e1lltam, a sor v\u00e9g\u00e9n.<\/p>\n<\/div>\n<div>\n<p>2. Sv\u00e1jc \u2013 sok kaland, egy\u00fctt (<a href=\"http:\/\/shinbukan.hu\/?naplo=hai&amp;sorszam=42\">2011.04.14-17, Magglingen<\/a>)<\/p>\n<p><img decoding=\"async\" class=\"blog_img\" src=\"http:\/\/shinbukan.hu\/letoltes\/1466\/svajc.jpg\" \/><\/p>\n<\/div>\n<div>\u00dajabb m\u00e9rf\u00f6ldk\u0151, egy (nekem az els\u0151, \u00e9s eddig az utols\u00f3) NAGY t\u00e1bor. Egy lak\u00f3busszal kelt\u00fcnk \u00fatra. Kifogyott a g\u00e1zolaj, Anna \u00e9s a barbik j\u00e1tszottak v\u00e9gig, Zolinak lej\u00e1rt az \u00fatlevele, Szilveszter vonattal \u00e9rkezett \u2013 \u00e9s akkor hol volt m\u00e9g a t\u00e1bor -, Chris Mansfield Sensei szem\u00e9lyis\u00e9ge, a kalandoz\u00e1s a hegyek k\u00f6z\u00f6tt \u00e9s a haiku \u00edr\u00f3s haza\u00fat a havas Alpokon \u00e1t? B\u00e1r Sv\u00e1jc nagyon furcsa, de van lenn\u00e9l kalandosabb? :&#8211;)<\/div>\n<div><img decoding=\"async\" class=\"blog_img\" src=\"http:\/\/shinbukan.hu\/letoltes\/1466\/haiku.jpg\" \/><\/div>\n<div>\u201eUtam fel\u00e9n\u00e9l<\/div>\n<div>havas hegycs\u00facsok alatt<br \/>\ntelihold v\u00e1rt r\u00e1m\u201d<\/div>\n<div><\/div>\n<div><\/div>\n<div>3. Iaido Sen, az 1.000 kata napja (<a href=\"http:\/\/shinbukan.hu\/?naplo=hai&amp;sorszam=1345\">2013.05.24-26, Visegr\u00e1d<\/a>)<br \/>\n<img decoding=\"async\" class=\"blog_img\" src=\"http:\/\/shinbukan.hu\/letoltes\/1466\/sen.jpg\" \/><img decoding=\"async\" class=\"blog_img\" src=\"http:\/\/shinbukan.hu\/letoltes\/1466\/vg_sen.jpg\" \/><\/p>\n<div>\u201eEzt csak egy\u00fctt vihetj\u00fck v\u00e9ghez.\u201d \u2013 \u00edrtam e gondolatot a kr\u00f3nik\u00e1ba.<\/div>\n<div>\n<p>A hossz\u00fa h\u00e9tv\u00e9ge a mai napig eml\u00e9kezetes sz\u00e1momra, egy sz\u00e9p nagy m\u00e9rf\u00f6ldk\u0151 az \u00daton, ahol el\u00e9rt\u00fck test\u00fcnk teljes\u00edt\u0151k\u00e9pess\u00e9g\u00e9nek hat\u00e1r\u00e1t, m\u00e1r nem gondolkodtunk \u2013 \u00e9s ami a legfontosabb a k\u00f6z\u00f6ss\u00e9g szempontj\u00e1b\u00f3l: Egy\u00fctt csin\u00e1ltuk v\u00e9gig!<\/p>\n<\/div>\n<\/div>\n<\/div>\n<div><b>H\u00e1bermajer G\u00e1bor<\/b>:\u00a0<b>Vannak olyan pillanatok a mindennapi gyakorl\u00e1sb\u00f3l, ami maradand\u00f3 lett?<\/b><\/div>\n<div><\/div>\n<div><b>Vass Gergely:<br \/>\n<\/b><\/div>\n<div>A f\u00f3kusz, a jelenl\u00e9t a pillanatban. K\u00e9pes lettem a figyelmem koncentr\u00e1lni. K\u00e9pes lettem a gondolataimat csendben \u00e9s nyugodtan tartani. Ezt a mindennapokba is megpr\u00f3b\u00e1lom \u00e1tvinni. Maradand\u00f3 lett a kitart\u00e1s, ami a belefektetett energia megt\u00e9r\u00fcl\u00e9s\u00e9t jelenti sz\u00e1momra, hogy mindig van \u00e9rtelme tov\u00e1bb \u00e9s tov\u00e1bb menni, k\u00fczdeni, \u00e9lvezni, elveszni, meghalni \u00e9s felt\u00e1madni, mert a c\u00e9l a halad\u00e1s, amelynek \u00e1llapotai vannak. Ez egyfajta belenyugv\u00e1st ad sz\u00e1momra.<\/div>\n<div><\/div>\n<div><b>Sz. Imre:<br \/>\n<\/b><\/div>\n<div>Az \u00fcres pillanatok &#8211; amelyekb\u0151l m\u00e9g kev\u00e9s van \u2013 maradand\u00f3 \u00e9lm\u00e9nyek. :&#8211;)<\/div>\n<div>Sz\u00edvesen eml\u00e9kszem vissza az \u00f6sszes pillanatra, amikor \u2013 b\u00e1r \u00e9n nagyon-nagyon sz\u00edvesen gyakorlok \u00f3r\u00e1kig egyed\u00fcl \u2013 kapcsolatban voltunk, amikor mindenki ugyanazt gyakorolta egy\u00fctt, vagy amikor elmagyar\u00e1zhattam valami valakinek, vagy amikor valakit\u0151l tan\u00e1csot\/seg\u00edts\u00e9get kaptam.<\/div>\n<div><\/div>\n<div><b><br \/>\nH\u00e1bermajer G\u00e1bor<\/b>:\u00a0<b>Mindketten szinte minden edz\u00e9sen ott vagytok. Mi hoz le gyakorolni akkor is, mikor nem a legnagyobb a lelkesed\u00e9s, nincs motiv\u00e1ci\u00f3, rossz nap volt, f\u00e1radt az ember?<\/b><\/div>\n<div>\n<div><b>Vass Gergely:<br \/>\n<\/b><\/div>\n<div>A biztons\u00e1g tudata. Egy hely ahol csak magammal foglalkozhatom, \u0151rz\u0151 k\u00f6zegben, bar\u00e1tok k\u00f6z\u00f6tt. Egy kis f\u00f6ldnyi biztons\u00e1g. Amikor neh\u00e9zkes \u00e9s f\u00e1radt vagyok is \u00e9rzem ez\u00e9rt a h\u00e1l\u00e1t \u00e9s a pozit\u00edv k\u00f6teless\u00e9gtudatot. Keresem a biztons\u00e1got.<\/div>\n<div><\/div>\n<div><img decoding=\"async\" class=\"blog_img\" src=\"http:\/\/shinbukan.hu\/letoltes\/1466\/vass.jpg\" \/><\/div>\n<div><\/div>\n<div><b>Sz. Imre:<br \/>\n<\/b><\/div>\n<div>Sosem k\u00e9rd\u00e9s, megyek-e, ez bel\u00fclr\u0151l j\u00f6n.<\/div>\n<div>Nincs hat\u00e1r a dojo \u00e9s az azon k\u00edv\u00fcli m\u00e1trix-val\u00f3s\u00e1g k\u00f6z\u00f6tt, nincs gyakorl\u00f3 \u00e9n \u00e9s a t\u00f6bbi \u00e9n \u2013 ez hat\u00e1roz meg engem, ett\u0151l vagyok \u00e9n \u00e9n, ez adja meg az ir\u00e1nyt (\u00e9s a \u201ej\u00e1rul\u00e9kos hasznon\u201d: Ha beteg, vagy f\u00e1radt vagyok is, arra az id\u0151re kitisztul minden, ha viharok kavarognak \u00e9s hull\u00e1mok csapnak \u00f6ssze a gyakorl\u00e1s seg\u00edt \u00e1t az akad\u00e1lyon)!<\/div>\n<div><\/div>\n<div><\/div>\n<div><b>H\u00e1bermajer G\u00e1bor<\/b>:\u00a0<b>Ne csak a napos oldalr\u00f3l besz\u00e9lj\u00fcnk. Voltak a rossz \u00e9lm\u00e9nyek? Volt m\u00e1r kr\u00edzis? (Abbahagyom!) Olyan, ami azt\u00e1n \u00e1tv\u00e1ltozott \u00e9s pozit\u00edvuma lett?<\/b><\/div>\n<div><\/div>\n<div><b>Vass Gergely:<br \/>\n<\/b><\/div>\n<div>Voltak! Voltak szem\u00e9lyes, voltak kollekt\u00edv kr\u00edzisek, voltak olyan helyzetek, amikor magamat nem tal\u00e1ltam a dojo-ban, volt, hogy azt gondoltam m\u00e1sok nem l\u00e1tnak ott engem. Rengetegszer akartam m\u00e1r abbahagyni, ilyenkor Pat szavai j\u00f6nnek el\u0151: \u201eMajd akkor hagyom abba, ha j\u00f3l megy. Am\u00edg szarul megy, nem hagyom abba!\u201d, ezt eg\u00e9sz\u00edtettem ki magamnak, hogy ebben az esetben ez ak\u00e1r lehetne felad\u00e1s vagy megfutamod\u00e1s is. Mivel b\u00edzom az iaido-ban, tudom helyes \u00fat sz\u00e1momra \u00e9s rengeteget kaptam t\u0151le, h\u00e1l\u00e1val \u00e9s kitart\u00e1ssal is tartozom. Ezek a gondolatok adnak er\u0151t, amikor \u00e9pp nem megy.<\/div>\n<\/div>\n<div><b><br \/>\nSz. Imre:<br \/>\n<\/b><\/div>\n<div>&#8211; A kezdet, az nagyon neh\u00e9z volt. Mivel \u00e9n \u00e9s a testem sosem voltunk \u201eegyek\u201d, sosem tudtam megfelel\u0151en ir\u00e1ny\u00edtani \u00edgy gy\u00f6trelmes volt minden mozdulat, \u00fagy \u00e9reztem, lehetetlen ak\u00e1r egyszer is megfordulni \u00e9s v\u00e1gni az Ushiro-ban\u2026 (Patr\u00edcia egyszer elmondta, hogy \u0151 is \u00edgy eml\u00e9kszik erre az id\u0151szakra, l\u00e1tta, hogy ez bizony kem\u00e9ny di\u00f3 lesz.)<\/div>\n<div>&#8211; \u00c1tlapozva a jegyzeteimet t\u00f6bbsz\u00f6r is szerepel benne egy sz\u00f3: \u201eVisszatal\u00e1lni.\u201d Voltak id\u0151szakok, amikor \u00fcres, k\u00fcl\u00f6n\u00f6sebb motiv\u00e1ci\u00f3 \u00e9s c\u00e9l n\u00e9lk\u00fcli \u201efav\u00e1g\u00e1s\u201d volt ink\u00e1bb a gyakorl\u00e1s, amikor leesett a lemezr\u0151l a t\u0171, amikor az \u00dat melletti \u00e1rokban poroszk\u00e1ltam, de mindig siker\u00fclt \u201evisszakapaszkodni\u201d.<\/div>\n<div>&#8211; Utalva az el\u0151z\u0151 v\u00e1laszra is: ez az \u00e9letem, hogyan lehetne abbahagyni?<\/div>\n<div><\/div>\n<div><b><br \/>\nH\u00e1bermajer G\u00e1bor<\/b>:\u00a0<b>Mi hat\u00e1rozza meg \u00e9ppen mi a gyakorl\u00e1sod koncepci\u00f3ja? Most \u00e9ppen mi \u00e1ll a f\u00f3kuszban?<\/b><\/div>\n<div><\/div>\n<div><b>Vass Gergely:<br \/>\n<\/b><\/div>\n<div>Ez k\u00fcl\u00f6nv\u00e1laszthat\u00f3 technikai \u00e9s lelki \u00fatra. Technikailag egyszer\u0171, mert kapsz visszajelz\u00e9st, l\u00e1tod (ha \u00e9pp van t\u00fck\u00f6r), \u00e9rzed \u00e9s dolgozol rajta. A lelki r\u00e9sz nehezebb, \u00e9szre kell venni (merni kell \u00e9szre venni) \u00e9s tenni kell (merni kell tenni) \u00e9s meg kell tal\u00e1lni, hogy hogyan kell tenni. Azt\u00e1n egybeolvad, \u00e9s a technika seg\u00edt megoldani a lelki probl\u00e9m\u00e1kat \u00e9s ak\u00e1r ford\u00edtva is jelen van.<\/div>\n<div>Amivel mostans\u00e1g foglalkozom az a \u201ebudo szerinti \u00e9rtelem\u201d (Cook sensei), hogy van-e olyan \u00e1llapot, amikor megtehetem azt, amit egy kat\u00e1-ban kell, ha meg kell tenni \u00e9n, hogy tenn\u00e9m meg \u00e9s hogyan lenne ut\u00e1na, hogy tudn\u00e1m magamban elsz\u00e1molni. Lehet, hogy ez elrugaszkodott, de ezek a k\u00e9rd\u00e9sek fontosak nekem, \u00e9s azt gondolom, ha ezekre v\u00e1laszt kapok, akkor lesz az iaido-m olyan, mint \u00e9n. Sok seg\u00edts\u00e9g \u00e9rkezik k\u00edv\u00fclr\u0151l, hogy hogyan kell csin\u00e1lni, hogyan kell megmutatni, ezek seg\u00edtenek (n\u00e9ha), ha \u00e1tgondolom \u00e9s megtal\u00e1lom, hogy milyen \u00e9rz\u00e9s nekem ezt megtenni. Addig is igyekszem k\u00f6vetni a kapott instrukci\u00f3kat \u00e9s nem felt\u00e9tlen\u00fcl azt \u00e9rezni, hogy m\u00edmelek valamit, ami nem az eny\u00e9m.<\/div>\n<div><\/div>\n<div><b>Sz. Imre:<br \/>\n<\/b><\/div>\n<div>\n<p>B\u00e1rmennyire is szeretem, a koryu kat\u00e1-kat h\u00e1tt\u00e9rbe szor\u00edtottam egy id\u0151re, \u00e9s visszat\u00e9rtem az alapokhoz! Elhat\u00e1roztam, hogy k\u00e9sz\u00fcl\u00f6k a k\u00f6vetkez\u0151 vizsg\u00e1mra, ez most a f\u0151 ir\u00e1ny \u2013 term\u00e9szetesen most sem a fokozat el\u00e9r\u00e9se a l\u00e9nyeg, hanem az \u00dat, a tapasztalatokat pedig nagy \u00f6r\u00f6mmel fogom hasznos\u00edtani a koryu-ban!<\/p>\n<\/div>\n<div><\/div>\n<div><b>H\u00e1bermajer G\u00e1bor<\/b>:\u00a0<b>Kedvenc mozdulatod? \u00a0Melyik az a kata, (kat\u00e1k), mozg\u00e1s, amelyikben feledve mindent, el tudsz mer\u00fclni, mintegy \u00f6nfeledten flow-ban v\u00e9gigcsin\u00e1lni? Mi az aktu\u00e1lis mumus?<\/b><\/div>\n<div><\/div>\n<div><b>Vass Gergely:<br \/>\n<\/b><\/div>\n<div><img decoding=\"async\" class=\"blog_img\" src=\"http:\/\/shinbukan.hu\/letoltes\/1466\/kata.jpg\" \/>Kedvenc sok van. ? A biztos pont az ipponme mae, mely v\u00e9gtelens\u00e9g\u00e9t a dabasi Yamasaki sensei t\u00e1borban l\u00e1ttam meg. \u00c1ltal\u00e1nosan az iaido eleganci\u00e1ja, k\u00edv\u00fclr\u0151l l\u00e1that\u00f3 k\u00f6nnyeds\u00e9ge, melyr\u0151l tudom m\u00e1r, hogy nem k\u00f6nnyed, hanem gyakorl\u00e1s \u00fatj\u00e1n elsaj\u00e1t\u00edtott tud\u00e1s, mely rengeteg er\u0151fesz\u00edt\u00e9st, k\u00ednt, kudarcot \u00e9s sikert takar. Aktu\u00e1lis mumus m\u00e1r r\u00e9g nincs, kezdetekben volt, azt\u00e1n gyakoroltam, ami nem ment \u00e9s kedvenc lett. Azt\u00e1n lett m\u00e1s mumus \u00e9s ugyan ez lett bel\u0151le. Sz\u00f3val mumus nincs, csak gyakorolnival\u00f3.<\/div>\n<div>Az egyetlen m\u00e9gis \u00e1lland\u00f3 mumusom az id\u0151z\u00edt\u00e9s haszn\u00e1lata, err\u0151l egy kis anekdota: Egyszer Cook sensei-el besz\u00e9lgetem egy edz\u0151t\u00e1borban. Felmer\u00fclt a gyakorl\u00e1som alapj\u00e1n, hogy a szintem jelent\u0151s emelked\u00e9s\u00e9hez az id\u0151z\u00edt\u00e9ssel kellene foglalkoznom. Erre sokat nem tudtam mondani csak, hogy ez nagy mumus \u00e9s nehezen birk\u00f3zom vele. Erre Sensei aj\u00e1nlotta Sato sensei vide\u00f3it, mert \u0151 rendk\u00edv\u00fcl j\u00f3l haszn\u00e1lja az id\u0151ket, ahogy mondta.<\/div>\n<div>Term\u00e9szetesen, ahogy haza\u00e9rtem elkezdtem vad\u00e1szni a vide\u00f3t. Meglett. Azt\u00e1n megn\u00e9ztem ezerszer \u00e9s kerestem mit\u0151l olyan \u00e1tkozottul j\u00f3 val\u00f3ban az id\u0151haszn\u00e1lata Sato sensei-nek, ahogy Cook sensei mondta. Azt\u00e1n egyszer \u00e9szrevettem, ahogy egy mozdulat sor\u00e1n az ujjai egyes\u00e9vel keresik meg a hely\u00fcket a tsuk\u00e1-n, biztos fog\u00e1st adnak \u00e9s abban pillanatban v\u00e1g\u00e1s! Elkezdtem valamit kapizsg\u00e1lni. \u0151 nem az id\u0151vel j\u00e1tszik, hanem mindenre id\u0151t hagy mag\u00e1nak. Minden mozdulata csak akkor indul el, ha megvan a fog\u00e1s, megvan a mozdulat, stabil \u00e9s er\u0151teljes tud lenni, de akkor k\u00e9sleked\u00e9s n\u00e9lk\u00fcl, hisz ez\u00e9rt teszi az el\u0151k\u00e9sz\u00fcleteket. Ett\u0151l a mozg\u00e1sa term\u00e9szetes, folyamatos \u00e9s sz\u00e1momra p\u00e9lda\u00e9rt\u00e9k\u0171. Most ezt l\u00e1tom Sato sensei mozg\u00e1s\u00e1ban, ami persze nem felt\u00e9tlen\u00fcl az igazs\u00e1g, de nekem rengeteget seg\u00edtett. (A k\u00e9pen Sato sensei \u00e9s bal kez\u00e9nek ujjai.)<\/div>\n<div><\/div>\n<div><\/div>\n<div><b>Sz. Imre:<br \/>\n<\/b><\/div>\n<div>\n<p>Kedvenc: Term\u00e9szetesen Koryu: Shoden: Gyakuto, Chuden:Ukigumo, Okuden: Shihogiri, Shinobu! P\u00e1r \u00e9vvel ezel\u0151ttig t\u00f6bb id\u0151t ford\u00edtottam a \u201er\u00e9gi\u201d gyakorlatokra, mert \u00fagy \u00e9reztem, csak ebben tudok kiteljesedni, ezzel tudom kimutatni, ami bennem van, itt nagyobb a szabads\u00e1g, ezek sokkal szebbek, logikusabbak, hat\u00e9konyabbak\u2026 \u00c9s most sem gondolom m\u00e1sk\u00e9nt, de felismertem a sz\u00f6gletes ZNKR kat\u00e1-k \u201ehaszn\u00e1t\u201d, elhat\u00e1roztam, hogy t\u00f6bbet foglalkozom az alapokkal, vizsg\u00e1ra k\u00e9sz\u00fcl\u00f6k, de visszat\u00e9rek. :&#8211;)<\/p>\n<\/div>\n<div>\n<p><img decoding=\"async\" class=\"blog_img\" src=\"http:\/\/shinbukan.hu\/letoltes\/1466\/szi.jpg\" \/><\/p>\n<\/div>\n<div>\n<p>Mumus: \u00d3, a kesa giri! N\u00e9ha azt hiszem, majdnem megvan, de sosem lesz\u00fcnk bar\u00e1tok, a legut\u00f3bbi pedig ez (tsuka ate, rajz):<\/p>\n<div>\u00a0<img decoding=\"async\" class=\"blog_img\" src=\"http:\/\/shinbukan.hu\/letoltes\/1466\/tsuka_ate.jpg\" \/><\/div>\n<\/div>\n<div><\/div>\n<div><b>H\u00e1bermajer G\u00e1bor<\/b>:\u00a0<b>Mik kapcsol\u00f3dnak neked a k\u00f6vetkez\u0151 szavakhoz: tengely \/ \u00e9l \/ kerek \/ \u00f6r\u00f6m \/ el\u00e9gedetlens\u00e9g \/ energia \/ csend?<\/b><\/div>\n<div><\/div>\n<div><b>Vass Gergely:<br \/>\n<\/b><\/div>\n<div><img decoding=\"async\" class=\"blog_img\" src=\"http:\/\/shinbukan.hu\/letoltes\/1466\/tigr.jpg\" \/>Egy sz\u00f3val az iaido. Az iaido lett tengelye az \u00e9letemnek, ahol \u00e9rezhetem, hogy \u00e9lek, kerek eg\u00e9szet jelent, ami \u00e1tl\u00e1that\u00f3 \u00e9s biztons\u00e1gos, rengeted \u00f6r\u00f6m\u00f6t ad, el\u00e9gedetts\u00e9ggel tud elt\u00f6lteni a jelenl\u00e9tem \u00e9s a felmutathat\u00f3 eredm\u00e9nyeim, mind technikailag, mind lelkileg. V\u00e9gtelen energiaforr\u00e1s, ami v\u00e9gigk\u00eds\u00e9r a legnehezebb pillanatokban \u00e9s a legjobbakban is. Csend az elm\u00e9mnek, ami ritka pillanat, lehet\u0151s\u00e9g, hogy a jelenben legyek, a gondolataim helyett. Az \u201e\u00e9l\u201d is jelen van, mindig m\u00e1s form\u00e1ban. Van, hogy \u00e9n vagyok az, van, hogy \u00e9n kapom, van, hogy kezelem, van, hogy elszabadul. Ezen k\u00edv\u00fcl is vannak szavak, amik ide tartoznak, a fejemben, van f\u00e1jdalmas is. \u00d6sszess\u00e9g\u00e9ben olyan, mint az \u00e9letem.<\/div>\n<div><\/div>\n<div><b>Sz. Imre:<br \/>\n<\/b><\/div>\n<div>tengely: Ha a technik\u00e1kra gondolok, akkor a forg\u00e1stengely jut el\u0151sz\u00f6r eszembe! Sokat foglalkozom vele mostan\u00e1ban.<\/div>\n<div>M\u00e1sr\u00e9szt &#8211; lehet, hogy most kiss\u00e9 elvont leszek, de &#8211; egy rudat l\u00e1tok. \u00c9s erre nagyon j\u00f3l felf\u0171zhet\u0151 az a v\u00e9gtelen magas szerpentin, ami szerintem a gyakorl\u00e1st jelk\u00e9pezi szinte azonos \u00e1tm\u00e9r\u0151j\u0171 k\u00f6r\u00f6k, mindig egyre magasabb szinten.<\/div>\n<div><img decoding=\"async\" class=\"blog_img\" src=\"http:\/\/shinbukan.hu\/letoltes\/1466\/kor.jpg\" \/><br \/>\n\u00e9l: T\u00f6bb dolog is eszembe jut..<\/div>\n<div>1. \u00c9les a Kard &#8211; \u00e9s ha nem \u00e9les, akkor is \u00e9lesk\u00e9nt gondolunk r\u00e1. \u00c9s ha igaz\u00e1n \u00e9les lesz, akkor a figyelem, a szellem is \u00e9lesebb lesz\u2026<\/div>\n<div>2. \u00c9les a v\u00e1g\u00e1s, ha j\u00f3 a technika, ez n\u00e9ha teljesen elv\u00e9sz, n\u00e9ha pedig \u00fajra megtal\u00e1lom, eg\u00e9szen m\u00e1s form\u00e1ban.<\/div>\n<div>kerek: Hogy v\u00e9gre \u2013 teljesen jogosan &#8211; a Zen is beker\u00fclj\u00f6n a k\u00e9pbe, ez teljesen kerek.<\/div>\n<div>Ha majd az \u00dat v\u00e9g\u00e9n v\u00e9gre \u00fagy fogok mozogni, mint az els\u0151 napon :&#8211;)<\/div>\n<div><\/div>\n<div><\/div>\n<div>\u00f6r\u00f6m: Sokszor jut eszembe Sensei mondata: \u201e\u00e9lvezd, amit csin\u00e1lsz!\u201d Val\u00f3ban, \u00fagy t\u0171nik el\u00e9g sok \u201eszenved\u00e9s\u201d volt gyakorl\u00e1s k\u00f6zben, amikor kitart\u00f3an pr\u00f3b\u00e1ltam ledolgozni p\u00e1rat a v\u00e9gtelen hibalist\u00e1b\u00f3l&#8230;<\/div>\n<div>Persze volt \u00f6r\u00f6m is. \u00c9s egyre t\u00f6bb van, min\u00e9l t\u00f6bb id\u0151t t\u00f6lt\u00f6k a Karddal, ann\u00e1l ink\u00e1bb tudom \u00e9lvezni &#8211; f\u0151leg, ha koryu (m\u00e1r megint ?) kat\u00e1-kkal foglalkozom!<\/div>\n<div><\/div>\n<div><img decoding=\"async\" class=\"blog_img\" src=\"http:\/\/shinbukan.hu\/letoltes\/1466\/ellenfel.jpg\" \/>el\u00e9gedetlens\u00e9g: Vegy\u00fck a sz\u00f3 ellen\u00e9tj\u00e9t: \u201eEl\u00e9gedetts\u00e9g\u201d. Azt nem tudom defini\u00e1lni, mivel b\u00e1r vannak m\u00e9rf\u00f6ldk\u00f6vek, nem \u00fcl\u00f6k rajta pihenni, nincs \u201ecsak kipip\u00e1lva\u201d egy szint teljes\u00edt\u00e9se, sosem lesz t\u00f6k\u00e9letes egyik mozdulat, egyik kata sem, azt hiszem, az el\u00e9gedetts\u00e9g nem vinne el\u0151re.<\/div>\n<div>\u00c9s b\u00e1r ebb\u0151l k\u00f6vetkezhetne, hogy \u00f6r\u00f6kk\u00e9 el\u00e9gedetlen vagyok, ez sem igaz, a legt\u00f6bb dolgot elfogadom olyannak, amilyen (t\u00f6k\u00e9letesnek), de ami bennem van, \u00e9s amin tudok jav\u00edtani, azon dolgozom.<\/div>\n<div><\/div>\n<div>energia: Ebb\u0151l lehetne t\u00f6bb, de tudok dolgozni annyival, ami van, csak (m\u00e9g) nem a megfelel\u0151 energi\u00e1kat (hara) haszn\u00e1lom a megfelel\u0151 helyeken.<\/div>\n<div><\/div>\n<div>csend: Valami, amit nagyon szeretek. A legjobb (manaps\u00e1g ritka), pillanatok egyike, amikor j\u00f3val kor\u00e1bban \u00e9rkezem, \u00e9s egyed\u00fcl (n\u00e9ha f\u00e9lhom\u00e1lyban) tudok gyakorolni (azaz medit\u00e1lni \u2013 m\u00e1r megint ZEN)\u2026<\/div>\n<div><\/div>\n<div><\/div>\n<div><b>H\u00e1bermajer G\u00e1bor<\/b>:<b>\u00a0Mire eml\u00e9kszel, mi\u00e9rt \u00e9s mivel \u00e9rkezt\u00e9l anno, \u00e9s most hogy l\u00e1tod ugyanezeket? V\u00e1ltozott-e a kezdeti motiv\u00e1ci\u00f3d, ha igen, hogyan, mire?<\/b><\/div>\n<div><\/div>\n<div><b>Vass Gergely:<br \/>\n<\/b>A kezdeti motiv\u00e1ci\u00f3 alapk\u00f6vei, a lelki fejl\u0151d\u00e9s, a t\u00f6rekv\u00e9s a jobb\u00e1 v\u00e1l\u00e1sra, saj\u00e1t akad\u00e1lyaim lek\u00fczd\u00e9s\u00e9re, valamint a t\u00e1masz (hely, bar\u00e1tok, biztons\u00e1g) megtal\u00e1l\u00e1sa megmaradtak. Voltak ifj\u00fakori \u00e1br\u00e1ndok: a n\u0151k vonzalma a harcosokhoz, rettenthetetlen harcoss\u00e1 \u00e9rni, a sz\u00e9ps\u00e9g megl\u00e1ttat\u00e1sa vel\u00fck\u2026 Ezek elkoptak, beigazol\u00f3dtak, hogy hamis \u00e1br\u00e1ndok. \ud83d\ude00<\/div>\n<div>J\u00f6ttek \u00faj elemek is a k\u00e9pembe term\u00e9szetesen. A kitart\u00e1s, a f\u00e9lelmek f\u00e9lre t\u00e9tele, a szemben\u00e9z\u00e9s \u00e9rt\u00e9ke \u00e9s az eredm\u00e9nyek apr\u00f3 \u00f6r\u00f6mei. A szemben\u00e9z\u00e9s arra \u00e9bresztett r\u00e1, hogy lass\u00fa vagyok gyakran cselekv\u00e9sk\u00e9ptelen \u00e9s az id\u0151m kev\u00e9s, jobban \u00e9s hat\u00e9konyabban kell csin\u00e1lnom. Most el\u00e9g feladat, hogy ezt elhiszem \u00e9s em\u00e9sztem a gondolataim.<\/div>\n<div>Mostans\u00e1g \u00e9r\u0151 gondolatom, f\u00e9lelmem, hogy a mai vil\u00e1gban a fejl\u0151d\u00e9sem elt\u00e1vol\u00edt az emberek nagy r\u00e9sz\u00e9t\u0151l. Elt\u0171nnek eddig fontosnak tartott dolgok, emberek, kapcsolatok. Vannak, amikhez ragaszkodom, de ezek is mennek csak nagyobb er\u0151vel. F\u00e9lelem a v\u00e1ltoz\u00e1st\u00f3l \u00e9s f\u00e9lelem a mag\u00e1nyoss\u00e1gt\u00f3l. Azt\u00e1n j\u00f6nnek a bar\u00e1tok, akik velem tartanak \u00e9s az \u00e9rz\u00e9s, hogy \u00edgy \u00e9ri meg csin\u00e1lni. Nem vagyok m\u00e1r alkalmas m\u00e1sra. Meg kell tanulnom b\u00edzni \u00e9s nem f\u00e9lni.<\/div>\n<div><\/div>\n<div><b>Sz. Imre:<br \/>\n<\/b><\/div>\n<div>Majdnem \u00fcresen \u00e9rkeztem (az\u00e9rt majdnem, mert el\u0151tte olvastam, bokuto-val \u00a0\u201egyakoroltam\u201d otthon, s\u0151t, m\u00e1r Kardom is volt, de ezeket hamar fel\u00fcl tudtam \u00edrni), \u00e9s pr\u00f3b\u00e1ltam befogadni azt a rengeteg tud\u00e1st, ami \u00e9rkezett a t\u00f6lcs\u00e9ren \u00e1t.<\/div>\n<div>Most m\u00e1r sokkal letisztultabb a k\u00e9p, az inform\u00e1ci\u00f3k rendszerezettebbek, van test-mem\u00f3ria-k\u00e9szlet, \u00e9s n\u00e9ha m\u00e1r azonnal meg is tudom v\u00e1ltoztatni az adott rosszul ber\u00f6gz\u00fclt mozdulatot (ami c\u00e9l) \u2013 de az \u00fcress\u00e9g, a befogad\u00e1s k\u00e9pess\u00e9ge maradt, \u00e9s m\u00e9g mindig (\u00f6r\u00f6k) kezd\u0151 vagyok.<\/div>\n<div>Motiv\u00e1ci\u00f3: hat\u00e1rozott c\u00e9llal \u00e9rkeztem, Kardal a k\u00e9zben akartam j\u00e1rni az \u00daton, \u00e9s persze el\u0151ttem volt a szellemi oldala is, a megvil\u00e1gosod\u00e1s. ? Ez ut\u00f3bbit m\u00e1r r\u00e9gen elengedtem, csak a jelen folyamatain van a hangs\u00faly (\u00e9s ha m\u00e1r ZEN: \u201eA mindennapi \u00e9let tudata az \u00dat\u201d).<\/div>\n<div><\/div>\n<div><b><br \/>\nH\u00e1bermajer G\u00e1bor<\/b>:\u00a0<b>Milyen tan\u00edt\u00e1st kapt\u00e1l \u00f6nmagadt\u00f3l \u00f6nmagadr\u00f3l a 10 \u00e9v sor\u00e1n? Mit kapt\u00e1l \u00e9rt\u00e9ket m\u00e1st\u00f3l?<\/b><\/div>\n<div><\/div>\n<div><b>Vass Gergely:<br \/>\n<\/b><\/div>\n<div>A tan\u00edt\u00e1s \u00f6nmagamr\u00f3l is egy \u00fat. El\u0151sz\u00f6r r\u00e1j\u00f6ttem mennyire messze vagyok att\u00f3l, ami szeretn\u00e9k lenni, nem volt j\u00f3. Azt\u00e1n kaptam utat hozz\u00e1, hogy juthatok k\u00f6zelebb. Most m\u00e1r csak azt l\u00e1tom, hogy nem lesz el\u00e9g id\u0151m, de rem\u00e9lem, ahova eljuthatok, ott lesznek t\u00e1rsaim, akik velem j\u00f6nnek, t\u00e1mogatnak \u00e9s szeretnek ez\u00e9rt.<\/div>\n<div>Sosem gondoltam volna az elej\u00e9n, hogy el\u0151bb ut\u00f3bb felel\u0151ss\u00e9gem lesz. Ez els\u0151re nem tetszett, nem akartam felv\u00e1llalni, irt\u00f3ztam a gondolatt\u00f3l. Azt gondoltam csak olyan ember v\u00e1llalhat felel\u0151ss\u00e9get, aki meg\u00e9rdemli \u00e9s el\u00e9g j\u00f3 ember. M\u00e1ra ez p\u00e1rosult az elenged\u00e9ssel \u00e9s a belenyugv\u00e1ssal, l\u00e1tom a nem mindenhat\u00f3s\u00e1got \u00e9s tal\u00e1n kezdek valamit \u00e9rteni a felel\u0151ss\u00e9gr\u0151l is. Ebben nagy szerepet tulajdon\u00edtok Cook sensei \u00e9s H\u00e1ber sensei p\u00e9ldamutat\u00e1s\u00e1nak, valamint a rengeteg besz\u00e9lget\u00e9snek N\u00e9m\u00f3val, akire mindig sz\u00e1m\u00edthattam, ha helyre kellett engem igaz\u00edtani, k\u00e9r\u00e9s n\u00e9lk\u00fcl is. A k\u00e9r\u00e9s n\u00e9lk\u00fclis\u00e9get pozit\u00edvnak \u00e9lem meg, mert, ahogy kor\u00e1bban is \u00edrtam a legnehezebb megl\u00e1tni a hib\u00e1imat, azt\u00e1n szemben\u00e9zni vel\u00fck, megkeresni a mi\u00e9rteket \u00e9s tenni \u00e9rte, hogy j\u00f3 lehessen. Ebben egy bar\u00e1t, aki rendelkezik, bizalommal m\u00e1r tudom mire k\u00e9pes!<\/div>\n<div><\/div>\n<div><b>Sz. Imre:<br \/>\n<\/b><\/div>\n<div>Felsorolhatatlan mennyis\u00e9g\u0171 \u00e9s \u00e9rt\u00e9k\u0171 dolgot kaptam \u2013 \u00e9s nem csak a m\u00f6g\u00f6ttem halad\u00f3kt\u00f3l!<\/div>\n<div>Sensei mindig pont arra ir\u00e1ny\u00edtott tov\u00e1bb, amerre kellett, N\u00e9m\u00f3 mindig t\u00fcrelmes volt, \u00e9s sokat magyar\u00e1zott, Pat \u0151szinte volt \u00e9s kem\u00e9ny, a t\u00e1rsak kiv\u00e1l\u00f3 t\u00fckr\u00f6k voltak, a \u201ekezd\u0151k\u201d n\u00e9z\u00e9se-jav\u00edt\u00e1sa k\u00f6zben pedig sokszor gondoltam arra, hogy erre nekem is kell figyelnem. Az el\u0151ttem halad\u00f3k nekem mindig p\u00e9ldak\u00e9pek lesznek, \u00e9s nem csak a dojo-n bel\u00fcl, hanem a falakon k\u00edv\u00fcl is (szoci\u00e1lis t\u00e9ren is vannak elmarad\u00e1saim, \u0151k erre is j\u00f3 p\u00e9ld\u00e1k).<\/div>\n<div><\/div>\n<div><b><br \/>\nH\u00e1bermajer G\u00e1bor<\/b>:\u00a0<b>Hogy h\u00edvj\u00e1k benned \u00a0azt, aki 10 \u00e9ve gyakorol? Ha neve lehetne, mi lenne az? Van olyan dolog, ami \u00e1tv\u00e1ltozott, m\u00e1s \u00e9rtelmet nyert a kezdetekhez k\u00e9pest?<\/b><\/div>\n<div><\/div>\n<div><b>Vass Gergely:<br \/>\n<\/b><\/div>\n<div><img decoding=\"async\" class=\"blog_img\" src=\"http:\/\/shinbukan.hu\/letoltes\/1466\/hos.jpg\" \/>Az Idi\u00f3ta h\u0151s.<\/div>\n<div>R\u00e9gen idi\u00f3ta voltam \u00e9s h\u0151s akartam lenni. V\u00e1ltozott.<\/div>\n<div><\/div>\n<div><b>Sz. Imre:<br \/>\n<\/b>Mivel ez az \u00e9letem, lehet a neve \u00e9n, de mivel az ego rombol\u00e1s\u00e1r\u00f3l (is) sz\u00f3l az gyakorl\u00e1sunk, az \u00e9n nem l\u00e9tezik.<\/div>\n<div>Teh\u00e1t \u00e9n vagyok, a Kard, a Shinze, a gyakorl\u00e1s, Te.<\/div>\n<div>Sok minden v\u00e1ltozott, t\u00fcrelmesebb lettem, lassabb lettem, \u00e9rettebb lettem. Ami sokat v\u00e1ltozott, \u00e9s amire nem \u201esz\u00e1m\u00edtottam\u201d az els\u0151 l\u00e1togat\u00e1skor az a k\u00f6z\u00f6ss\u00e9g form\u00e1l\u00f3 ereje, MI.<\/div>\n<div><\/div>\n<div><b><br \/>\nH\u00e1bermajer G\u00e1bor<\/b>:\u00a0<b>Hogy \u00e9s hol szeretn\u00e9d magad l\u00e1tni 1 \u00e9v \/ 3 \u00e9v m\u00falva?<\/b><\/div>\n<div><\/div>\n<div><b>Vass Gergely:<br \/>\n<\/b><\/div>\n<div>\n<p>Az iaido-mban nincsenek terveim hossz\u00fa t\u00e1vra, a pillanat \u00e9rt\u00e9kesebb. A r\u00e9gi tervek szintj\u00e9n el\u00e9g annyi, hogy egyszer szeretn\u00e9k eb-t nyerni, m\u00e9g most is szeretn\u00e9k, de m\u00e1r nem tudom annyira biztosan mi\u00e9rt! ?<\/p>\n<\/div>\n<div><b>Sz. Imre:<br \/>\n<\/b><\/div>\n<div>Csak az ir\u00e1nyt hat\u00e1roztam meg, tervezni nem szeretek, mert a jelen a l\u00e9nyeg\u2026<\/div>\n<div>1 \u00e9v m\u00falva? Val\u00f3sz\u00edn\u0171leg vizsg\u00e1zni fogok.<\/div>\n<div>\u00c9s a vizsg\u00e1n t\u00fal,b\u00e1r a j\u00f6v\u0151 k\u00f6dbe burkol\u00f3zik, nagyon sok koryu kat\u00e1-t l\u00e1tok&#8230;<\/div>\n<div>&#8230;\u00e9s 3 \u00e9v m\u00falva? Val\u00f3sz\u00edn\u0171leg teljesen el leszek mer\u00fclve a koryu kat\u00e1-kban. :&#8211;)<\/div>\n<div><\/div>\n<div><b><br \/>\nH\u00e1bermajer G\u00e1bor<\/b>:\u00a0<b>Mik a tanuls\u00e1gai, felismer\u00e9sei, meg\u00e9rt\u00e9sei az elm\u00falt 10 \u00e9vnek, amit ak\u00e1r \u00e1t is adn\u00e1l a most kezd\u0151knek?<\/b><\/div>\n<div><\/div>\n<div><b>Vass Gergely:<br \/>\n<\/b><\/div>\n<div>Sokat \u00edrtam m\u00e1r err\u0151l a kor\u00e1bbi k\u00e9rd\u00e9sek kapcs\u00e1n magamr\u00f3l. A kezd\u0151knek mit mondan\u00e9k? Sok sikert, d\u00f6ntsd el, hogy kell-e ez neked! Gyakorolj, \u00e9s l\u00e1sd, mit adhat neked! \u00c9lvezd \u00e9s tarts ki!<\/div>\n<div><\/div>\n<div><b>Sz.\u00a0 Imre:<br \/>\n<\/b><\/div>\n<div>Els\u0151sorban olyan dolgok, amiket kaptam:<\/div>\n<div>&#8211; Fontos a j\u00f3 alap, hogy lassan \u00e9s sz\u00e9pen kell mozogni, \u00e9s majd abb\u00f3l lesz k\u00e9s\u0151bb a gyors\u2026.<\/div>\n<div>&#8211; S\u00e9r\u00fcl\u00e9s eset\u00e9n fontos a pihen\u00e9s, nem szabad t\u00fcrelmetlennek lenni\u2026<\/div>\n<div>&#8211; Tov\u00e1bb adni amit tudok, tan\u00edtani j\u00f3! \u00d6nzetlen dolog &#8211; \u00e9s hasznos is!<\/div>\n<div>&#8211; Ez egy szellemi \u00dat, a test\u00fck seg\u00edts\u00e9g\u00e9vel tudunk benne fejl\u0151dni \u2013 viszont a gyakorl\u00e1s nem el\u00e9g, sz\u00fcks\u00e9g van a h\u00e1tt\u00e9r ismeret\u00e9re is: a r\u00e9gi tan\u00e1csokra, a k\u00f6nyvekre, a kult\u00fara \u00e9s a vall\u00e1s kapcsolat\u00e1ra\u2026<\/div>\n<div><\/div>\n<div><b><br \/>\nH\u00e1bermajer G\u00e1bor<\/b>:<b>\u00a0\u00c9s most k\u00e9rdezzetek keresztbe! T\u00e9gy fel egy k\u00e9rd\u00e9st a m\u00e1sik 10\u00e9vesnek!<\/b><\/div>\n<div><\/div>\n<div><b>Sz. Imre Vass Gergelyt\u0151l:\u00a0<\/b><\/div>\n<div><b>Milyen v\u00e1ltoz\u00e1st hozott a shinken? M\u00e1s lett a hozz\u00e1\u00e1ll\u00e1s, a technika? M\u00e1s lett az \u00dat?<\/b><\/div>\n<div><\/div>\n<div><b>Vass Gergely:<br \/>\n<\/b><\/div>\n<div>\ud83d\ude00 A hozz\u00e1\u00e1ll\u00e1s m\u00e1s lett. A technika pontosabb, de hazudn\u00e9k, ha azt mondan\u00e1m, hogy minden pillanatban. \u00c9n f\u00e1radok, kihagyok stb a shinken nem, ezt ugye tudjuk Cook senseit\u0151l. Nekem m\u00e9g szerencs\u00e9m volt \u00e9s csak kisebb karcol\u00e1sokt\u00f3l eltekintve nem okoztam magamnak komolyabb s\u00e9r\u00fcl\u00e9st.<\/div>\n<div>Amikor koryu shiho giri-t gyakoroltam \u00e9s bele akartam felejtkezni, minden akkor felgy\u00fclemlett agresszi\u00f3mat kiadni, akkor h\u00e1trasz\u00far\u00e1sn\u00e1l \u00e1tsz\u00fartam a gi-met, az egy megr\u00e1z\u00f3 \u00e9lm\u00e9ny volt. Sok minden \u00e1tfutott a fejemen \u00e9s sok minden az\u00f3ta fogalmaz\u00f3dott meg. Ez m\u00e1r nem j\u00e1t\u00e9k. K\u00f6zelebb ker\u00fcltem a budo szerinti \u00e9rtelemhez, mert minden, ami hozz\u00e1m tartozik m\u00e1r alkalmas r\u00e1. Az \u00e9rzet, hogy val\u00f3s ami a kezemben van, megtapasztaltam, v\u00e1gtam vele gy\u00e9k\u00e9nyt, magamat, megismertem a m\u0171k\u00f6d\u00e9s\u00e9nek a fels\u0151 szintj\u00e9t, mikor v\u00e1g, mikor nem, sokat seg\u00edtett k\u00f6zelebb ker\u00fcln\u00f6m az \u00e1ltalam keresett \u00fathoz.<\/div>\n<div><\/div>\n<div>\n<p><b>Vass Gergely Sz.Imr\u00e9t\u0151l:<\/b>\u00a0<b>Imi, mit jelentenek neked a k\u00f6r\u00fcl\u00f6tted gyakorl\u00f3k a saj\u00e1t utadban? Voltak rossz \u00e9s j\u00f3 eml\u00e9keid r\u00f3luk? Kellenek neked egy\u00e1ltal\u00e1n?<\/b><\/p>\n<p>&nbsp;<\/p>\n<\/div>\n<div><b>Sz. Imre:<br \/>\n<\/b><\/div>\n<div>Azt hiszem m\u00e1r az el\u0151z\u0151 v\u00e1laszok is utaltak erre, nem is sz\u00e1m\u00edtottam arra, hogy ebben a \u201emag\u00e1nyos medit\u00e1ci\u00f3ban\u201d mennyire fontosak a t\u00e1rsak, a visszajelz\u00e9sek, a k\u00f6r\u00fcl\u00f6ttem \u00e1ll\u00f3k \u00e1ltal sug\u00e1rzott er\u0151 \u2026 ..en\u00e9lk\u00fcl nem lehet fejl\u0151dni! Teljesen m\u00e1s a hangulata egyed\u00fcl gyakorolni, vagy sokan egy\u00fctt \u00f6sszehangol\u00f3dva (SEN!)! J\u00f3 tov\u00e1bbadni a tud\u00e1st!<\/div>\n<div>J\u00f3 eml\u00e9k rengeteg van, a kezdeti \u00e9vek n\u00e9pesebb t\u00e1borai m\u00e9ly nyomot hagytak \u2013 \u00e9s igen, furcsa, ha valaki \u201eelt\u0171nik\u201d, furcsa, ha kevesen vagyunk.<\/div>\n<div><\/div>\n<div><b>Vass Gergely<\/b><\/div>\n<div>\n<p><b>Szeretn\u00e9k k\u00e9rd\u00e9st feltenni Sensei-nek is, mint 10 \u00e9ves: Te hogy l\u00e1ttad a dojo-t 10 \u00e9ve, hogy l\u00e1tod most? Hogy l\u00e1tt\u00e1l minket 10 \u00e9ve, hogy l\u00e1tsz minket most? Mennyi id\u0151t j\u00f3solt\u00e1l nek\u00fcnk az els\u0151 alkalommal?<\/b><\/p>\n<p>&nbsp;<\/p>\n<\/div>\n<div><b>H\u00e1bermajer G\u00e1bor<\/b>:<\/div>\n<div>Gondolkodom, mit is jelnet az, hogy: \u201ehogy l\u00e1ttam a dojo-t\u201d? 10 \u00e9ve \u00f3ri\u00e1si lend\u00fclettel \u00e9s energi\u00e1val indultam neki, eg\u00e9sz pontosan indultunk neki Pattal \u00e9s N\u00e9m\u00f3val. Egyszer csak ott \u00e1lltatok. Mindenkiben volt valami v\u00e1rakoz\u00e1s. Benneteket hajtott valami egy v\u00e1rt ismeretlenbe, megismer\u00e9sbe. Engem pedig annak a v\u00e1gya, hogy min\u00e9l el\u0151bb legyen egy olyan k\u00f6zeg, ahol j\u00f3 gyakorolni, ahol min\u00e9l t\u00f6bben tudnak iai-t gyakorolni. \u00c9s \u00e9vekig csak a t\u00f6meges k\u00e9pz\u00e9s, a j\u00f3 alapok sulykol\u00e1sa, a kat\u00e1-k tan\u00edt\u00e1sa ment. Sokszor sokaknak\u2026..Sok id\u0151t \u00e9s energi\u00e1t kellett befektetni. De ez megt\u00e9r\u00fclt, mikor sorra sz\u00fclettek a fokozatok, j\u00f6ttek a dan vizsg\u00e1k, taikai-ok, \u00e9s j\u00f3 min\u0151s\u00e9g\u0171 iai-t k\u00e9pviseltek a dojo-nk tagjai. Nagyon temp\u00f3s fejl\u0151d\u00e9s volt. Volt be\u00e1raml\u00e1s, \u00e9s term\u00e9szetesen ki\u00e1raml\u00e1s.<\/div>\n<div>A helyzet v\u00e1ltozott. M\u00e1ra olyanok lett\u00fcnk, mint a s\u00f3lep\u00e1rl\u00f3. A sok v\u00edz elp\u00e1rolgott \u00e9s maradt kev\u00e9s, valami nagyon s\u0171r\u0171 krist\u00e1lyos anyag. Ezek vagytok ti, az a p\u00e1r f\u0151, aki maradtatok, \u00e9s rend\u00edthetetlen er\u0151vel \u00e9s kitart\u00e1ssal mentek tov\u00e1bb.<\/div>\n<div><\/div>\n<div>Mindig \u00e9rdekes \u00e9s tanuls\u00e1gos egy teljesen kezd\u0151re tekinteni. Tiszteletre m\u00e9lt\u00f3, hogy tett egy hatalmas l\u00e9p\u00e9st, \u00e9s valamit\u0151l vez\u00e9relve elj\u00f6n, bel\u00e9p egy ismeretlen k\u00f6zegbe, vil\u00e1gba \u00e9s neki v\u00e1g. Ekkor m\u00e9g tal\u00e1n csak a k\u00edv\u00e1ncsis\u00e1g viszi, az elhivatotts\u00e1g k\u00e9s\u0151bb szeg\u0151dik t\u00e1rsul.<\/div>\n<div>Azt\u00e1n a mozg\u00e1s\u00e1n kereszt\u00fcl elkezd ismerkedni az iaido-val, jodo-val. Igen, van, aki rem\u00e9nytelennek t\u0171nik, de ennek nincs szerepe hossz\u00fa t\u00e1von, mint ahogy annak sem, hogy esetleg k\u00f6nnyen \u00e9s gyorsan tanul mozdulatokat. Ez ut\u00f3bbi a kezdetekben el\u0151ny, k\u00e9s\u0151bb tal\u00e1n m\u00e9g ker\u00e9kk\u00f6t\u0151 is lehet. A tehets\u00e9g akad\u00e1ly.<\/div>\n<div>Tal\u00e1n k\u00e9t alkalmat n\u00e9ztem ki bel\u0151letek, hogy m\u00e9g j\u00f6tt\u00f6k edz\u00e9sre. Azt\u00e1n n\u00e9zz\u00e9tek mi lett bel\u0151le, egy\u00fctt gyakorlunk, egy\u00fctt haladunk.<\/div>\n<div>Rem\u00e9lem m\u00e9g sok\u00e1ig.<\/div>\n<div>\n<div><i>Az olvas\u00f3bar\u00e1t\u00a0<a href=\"http:\/\/shinbukan.hu\/letoltes\/1466\/Tiz_ev_multan.pdf\" target=\"blank\">PDF verzi\u00f3\u00a0let\u00f6lt\u00e9se<\/a><\/i><\/div>\n<\/div>\n<\/div>\n\t\t<\/div><\/div><\/div><\/div>","protected":false},"excerpt":{"rendered":"<p>Besz\u00e9lget\u00e9s klubunk k\u00e9t tagj\u00e1val, Vass Gergellyel \u00e9s Sz. Imr\u00e9vel, akik folyamatos gyakorl\u00e1sukban nemr\u00e9g l\u00e9pt\u00e9k \u00e1t a tizedik \u00e9vet. H\u00e1bermajer G\u00e1bor:\u00a0Mik voltak a leger\u0151sebb \u00e9lm\u00e9nyeitek? Vass Gergely: A leger\u0151sebb \u00e9lm\u00e9nyem a t\u00fck\u00f6r, amit magamr\u00f3l kaptam t\u0151letek \u00e9s magamt\u00f3l. A lehet\u0151s\u00e9g, hogy szemben\u00e9zhetek \u00f6nmagammal, a hib\u00e1immal, a rossz dolgokkal, \u00e9s lehet\u0151s\u00e9get kaptam r\u00e1, hogy v\u00e1ltoztassak. F\u00e9lelmetes egy &hellip; <a href=\"https:\/\/shinbukan.hu\/?p=371\" class=\"more-link\"><span class=\"screen-reader-text\">&#8222;T\u00edz \u00e9v m\u00falt\u00e1n &#8211; Vass Gergely-Sz. Imre&#8221;<\/span> b\u0151vebben<\/a><\/p>\n","protected":false},"author":2,"featured_media":0,"comment_status":"closed","ping_status":"open","sticky":false,"template":"","format":"standard","meta":{"footnotes":""},"categories":[6],"tags":[],"class_list":["post-371","post","type-post","status-publish","format-standard","hentry","category-esszek"],"_links":{"self":[{"href":"https:\/\/shinbukan.hu\/index.php?rest_route=\/wp\/v2\/posts\/371","targetHints":{"allow":["GET"]}}],"collection":[{"href":"https:\/\/shinbukan.hu\/index.php?rest_route=\/wp\/v2\/posts"}],"about":[{"href":"https:\/\/shinbukan.hu\/index.php?rest_route=\/wp\/v2\/types\/post"}],"author":[{"embeddable":true,"href":"https:\/\/shinbukan.hu\/index.php?rest_route=\/wp\/v2\/users\/2"}],"replies":[{"embeddable":true,"href":"https:\/\/shinbukan.hu\/index.php?rest_route=%2Fwp%2Fv2%2Fcomments&post=371"}],"version-history":[{"count":7,"href":"https:\/\/shinbukan.hu\/index.php?rest_route=\/wp\/v2\/posts\/371\/revisions"}],"predecessor-version":[{"id":19388,"href":"https:\/\/shinbukan.hu\/index.php?rest_route=\/wp\/v2\/posts\/371\/revisions\/19388"}],"wp:attachment":[{"href":"https:\/\/shinbukan.hu\/index.php?rest_route=%2Fwp%2Fv2%2Fmedia&parent=371"}],"wp:term":[{"taxonomy":"category","embeddable":true,"href":"https:\/\/shinbukan.hu\/index.php?rest_route=%2Fwp%2Fv2%2Fcategories&post=371"},{"taxonomy":"post_tag","embeddable":true,"href":"https:\/\/shinbukan.hu\/index.php?rest_route=%2Fwp%2Fv2%2Ftags&post=371"}],"curies":[{"name":"wp","href":"https:\/\/api.w.org\/{rel}","templated":true}]}}