{"id":425,"date":"2010-06-05T11:55:37","date_gmt":"2010-06-05T11:55:37","guid":{"rendered":"http:\/\/shinbukan.hu\/?p=425"},"modified":"2025-04-25T11:33:00","modified_gmt":"2025-04-25T09:33:00","slug":"arviz-otthon-szilva-imre","status":"publish","type":"post","link":"https:\/\/shinbukan.hu\/?p=425","title":{"rendered":"\u00c1rv\u00edz, Otthon &#8211; Sz. Imre"},"content":{"rendered":"<div id=\"pl-425\"  class=\"panel-layout\" ><div id=\"pg-425-0\"  class=\"panel-grid panel-no-style\" ><div id=\"pgc-425-0-0\"  class=\"panel-grid-cell\" ><div id=\"panel-425-0-0-0\" class=\"so-panel widget_text panel-first-child panel-last-child\" data-index=\"0\" >\t\t\t<div class=\"textwidget\"><p><i><span class=\"Apple-style-span\">Otthon.<\/span><\/i><br \/>\nElvadult pillanatokban osztom a Dogonok hit\u00e9t, hogy egy olyan\u00a0bolyg\u00f3r\u00f3l sz\u00e1rmazom, amely a Sz\u00edriusz kett\u0151s csillagrendszer k\u00f6r\u00fcl\u00a0kering. Ha k\u00f6zelebbi helyet kell v\u00e1lasztani ott a hideg \u00e9s mag\u00e1nyos\u00a0\u00e9gi k\u00eds\u00e9r\u0151nk, a Hold&#8230;a F\u00f6ld\u00f6n pedig (ha nem vessz\u00fck figyelembe, hogy\u00a0elvonultan, egy kolostorban) Egerben \u00e9ln\u00e9k sz\u00edvesen. Budapest \u00f6r\u00f6kre\u00a0ideiglenes lakc\u00edm marad &#8211;\u00a0<a href=\"http:\/\/www.edeleny.hu\/\" target=\"_blank\" rel=\"noopener\">Edel\u00e9ny<\/a>ben viszont \u00e9letem els\u0151 k\u00e9tharmad\u00e1t\u00a0t\u00f6lt\u00f6ttem, teh\u00e1t legink\u00e1bb az az otthon.<\/p>\n<p>P\u00e9ntek hajnalban h\u00edvott anyu, hogy \u00e9jjel ki\u00f6nt\u00f6tt a B\u00f3dva, k\u00f6r\u00fclz\u00e1rta\u00a0a h\u00e1zt\u00f6mb\u00f6t, ahol \u00e9lnek, \u00e1ram nincs. Ekkor hib\u00e1t k\u00f6vettem el\u00a0(szerencs\u00e9re korom el\u0151rehaladt\u00e1val egyre kevesebbet, de ebb\u0151l is csak<br \/>\ntanultam), hogy nem hagytam itt mindent, \u00e9s nem indultam azonnal haza.<br \/>\nDolgoztam, este forgattam a Kardot, k\u00f6zben \u00e9rkeztek a h\u00edrek, hogy\u00a0nagyon sok \u00f6nk\u00e9ntes \u00e9rkezett, helikopterek dolgoznak a g\u00e1ton&#8230;majd\u00a0d\u00e9lut\u00e1n megtudtam, hogy \u00e1tszakadt a g\u00e1t, kett\u00e9v\u00e1gva a v\u00e1rost. Este\u00a0\u00f6sszecsomagoltam, majd azt ettem, amivel ilyen t\u00e1volr\u00f3l seg\u00edteni\u00a0lehet: \u00fcltem.<\/p>\n<p>Szombat &#8211; f\u00e9lig munkanap. Percr\u0151l-percre v\u00e1ltoztak az inform\u00e1ci\u00f3k, nem\u00a0tudtam hogyan vagy meddig jutok el aut\u00f3val, anyu s\u00edrva k\u00e9rt, ne is\u00a0induljak, de f\u00e9l 12-kor m\u00e1r az \u00f6sszes izmom jelezte, mennem kell. \u00c9s\u00a0rohan\u00e1s. Egy k\u00f6lcs\u00f6nk\u00e9rt \u00e9s k\u00e9t v\u00e1s\u00e1rolt gumicsizm\u00e1val robogtunk v\u00e9gig\u00a0az aut\u00f3p\u00e1ly\u00e1n. Miskolc v\u00e9g\u00e9n az \u00e9szaki kihajt\u00f3 le volt z\u00e1rva, ez\u00e9rt \u00e1t\u00a0a v\u00e1roson, majd tov\u00e1bb..nem is rem\u00e9lve, hogy sz\u00e1raz kerekekkel\u00a0eljutunk a v\u00e1rosig. Elment\u00fcnk a meg\u00e1radt Saj\u00f3 mellett, majd p\u00e1r perc\u00a0ut\u00e1n m\u00e1r l\u00e1ttuk a v\u00e1rost\u00e1bl\u00e1t&#8230;\u00e9s ir\u00e1ny a legk\u00f6zelebbi nagymama, aki\u00a0egy el\u00e1rasztott r\u00e9sz mellett lakik. 79 \u00e9vesen a kertet kap\u00e1lta, l\u00e1ttuk\u00a0hogy j\u00f3l van, indultunk tov\u00e1bb anyuhoz. A belv\u00e1ros k\u00f6zel\u00e9ben rend\u0151r\u00a0fogadott minket, kicsit t\u00e1volabb tudtunk leparkolni, \u00e9s m\u00e1r vett\u00fck is\u00a0el\u0151 a csizm\u00e1kat &#8211; sz\u00fcks\u00e9g volt r\u00e1. Az \u00e1r kicsit visszah\u00faz\u00f3dott, de m\u00e9g\u00a020 cm-es v\u00edz z\u00e1rta k\u00f6r\u00fcl a h\u00edd k\u00f6zel\u00e9ben \u00e9p\u00fclt h\u00e1zat..\u00e9s bejutottunk.<br \/>\nL\u00e1ttuk, hogy \u00e1ram &#8211; \u00a0h\u0171t\u0151, meleg v\u00edz&#8230; &#8211; \u00e9s alv\u00e1s n\u00e9lk\u00fcl n\u00e9lk\u00fcl, de\u00a0anyu\u00e9k j\u00f3l vannak, ez\u00e9rt indultunk is, ki a g\u00e1tra!<br \/>\nA k\u00e9s\u0151bbiekben csak taxinak nevezett Ural erd\u00e9szeti teheraut\u00f3val\u00a0jutottunk \u00e1t a sodr\u00e1son, de a hatalmas g\u00e9pen is \u00e9rezt\u00fck a sodr\u00e1st. Az\u00a0\u00e1tmeneti sz\u00e1ll\u00e1ss\u00e1 \u00e1talakult iskol\u00e1n\u00e1l lepakoltuk az \u00fcres \u00e9teles\u00a0hord\u00f3kat, majd visszas\u00e9t\u00e1ltunk a g\u00e1tra, \u00e9s be\u00e1lltunk a budapesti \u00e9s\u00a0mez\u0151k\u00f6vesdi t\u0171zolt\u00f3khoz, meger\u0151s\u00edteni a g\u00e1t keleti oldal\u00e1t, hogy\u00a0v\u00e9dj\u00fck az iskol\u00e1t, \u00e9s a t\u00f6bbi h\u00e1zat. Gyorsan megtan\u00edtott\u00e1k a zs\u00e1k\u00a0helyes fog\u00e1s\u00e1st, kis id\u0151 m\u00falva m\u00e1r gyorsan \u00e9s hat\u00e9konyan ment a munka.<\/p>\n<div><img decoding=\"async\" class=\"blog_img aligncenter\" src=\"http:\/\/shinbukan.hu\/letoltes\/260\/2010.06.06_edelenyi_arviz_gat.jpg\" \/><\/div>\n<p>A foly\u00f3 el\u0151tt\u00fcnk h\u00f6mp\u00f6lyg\u00f6tt. A homokzs\u00e1kokon \u00e1lltunk, a v\u00edzszint\u00a0pedig p\u00e1r cm-el volt csak alacsonyabb. A szemk\u00f6zti g\u00e1t nem l\u00e1tszott,\u00a0csak a h\u00e1zak, melyeknek az ablak\u00e1ig \u00e9rt a v\u00edz.. Tudtam, ha az \u00e1t\u00e1zott\u00a0t\u00f6lt\u00e9s enged, minket nagy er\u0151vel \u00e9s gyorsan sodor majd a v\u00edz, de\u00a0minden nem sz\u00e1m\u00edtott. Kaptam a zs\u00e1kot, \u00e9s adtam tov\u00e1bb.<br \/>\nA t\u0171zolt\u00f3 sr\u00e1cok kedve j\u00f3 volt, pedig 12 \u00f3r\u00e1s v\u00e1lt\u00e1sokban voltak ott,\u00a0\u00e9s n\u00e9ha a buszban kellett aludniuk&#8230;sok \u00e9rdekes t\u00f6rt\u00e9net hangzott el t\u0151l\u00fck. Kihaszn\u00e1ltam az alkalmat, hogy\u00a0er\u0151s\u00edtsem a bal kezemet, persze a r\u00e1nt\u00e1sok nem tettek j\u00f3t a\u00a0k\u00f6ny\u00f6k\u00f6mnek, de majd elm\u00falik. R\u00f6vid sz\u00fcnetben vill\u00e1ml\u00e1togat\u00e1st tett\u00fcnk\u00a0apu\u00e9kn\u00e1l is (ott most a belv\u00edz a probl\u00e9ma), majd vissza. Id\u0151k\u00f6zben\u00a0naplemente, sz\u00fanyogok, gener\u00e1tor \u00e9s f\u00e1kly\u00e1k j\u00f6ttek sorban, f\u00e9l 10\u00a0lehetett, amikor abbahagytuk.<br \/>\nEgy magasabb pontra parkoltam a Mazd\u00e1val, majd visszas\u00e9t\u00e1ltam.<br \/>\nGy\u00f6ny\u00f6r\u0171, csillagos ny\u00e1ri \u00e9jszaka volt. A v\u00e1ros t\u00e1volabbi r\u00e9szein csak\u00a0egy k\u00e9t homoksz\u00e1k eml\u00e9keztetett arra, hogy ez nem egy \u00e1tlagos nap. A\u00a0belv\u00e1rosban k\u00f6zben k\u00f6zvil\u00e1g\u00edt\u00e1s helyett f\u00e1kly\u00e1k gy\u00faltak, a munkag\u00e9pek\u00a0pedig hozt\u00e1k-vitt\u00e9k az utasokat.<\/p>\n<div><img decoding=\"async\" class=\"blog_img aligncenter\" src=\"http:\/\/shinbukan.hu\/letoltes\/260\/2010.06.05_edelenyi_arviz.jpg\" \/><\/p>\n<\/div>\n<p>F\u00e1kly\u00e1k? Amikor k\u00f6zelebb mentem, l\u00e1ttam, hogy hossz\u00fa gyerty\u00e1k. Ezek\u00a0pedig mindig a gy\u00e1szt juttatj\u00e1k eszembe&#8230; Val\u00f3sz\u00edn\u0171leg lehetetlen\u00a0egy\u00fctt \u00e9rezni azokkal, akik aznap is egy tornateremben aludtam, mert\u00a0amikor \u00e1tszakadt a g\u00e1t, \u00e9s kid\u00f6nt\u00f6tte a ker\u00edt\u00e9seket, elsodorta a\u00a0h\u00e1zi\u00e1llatokat \u00e9s egy \u00e9let munk\u00e1j\u00e1t. \u00c1lltam ott, n\u00e9ztem az \u00faton a\u00a0vizet, \u00e9s csak erre tudtam gondolni.<br \/>\nS\u00f6t\u00e9tben, hideg v\u00edzben volt egy kis tiszt\u00e1lkod\u00e1s, majd a telefon\u00a0f\u00e9ny\u00e9n\u00e9l vettem ki a kontaktlencs\u00e9met. F\u00e1radt voltam, de aznap \u00e9jjel\u00a0nem aludtam. Szeretem a csendes kis erdei patakok hangj\u00e1t, de ez a\u00a0hang v\u00edzes\u00e9sre eml\u00e9keztetett&#8230;<\/p>\n<p>Reggel kor\u00e1n \u00e1tmentem a m\u00e1sik oldalra, l\u00e1ttam, hogy a tegnapi helyen\u00a040- cm-ert is apadt a f\u0151 \u00e1g. Nagyon sok seg\u00edt\u0151t m\u00e1sik v\u00e1rosba\u00a0rendeltek, a t\u0171zolt\u00f3k egy r\u00e9sze maradt vizet szivatty\u00fazni.<br \/>\nV\u00e9gigmentem a g\u00e1ton, a kis h\u00eddig, \u00e9s l\u00e1ttam az utc\u00e1t, amely v\u00edz alatt\u00a0volt. Ekkor m\u00e1r l\u00e1tszottak a szemk\u00f6zti g\u00e1t homokzs\u00e1kjai, ami j\u00f3l jel\u00a0volt. Megl\u00e1togattam a m\u00e1sik nagysz\u00fcl\u0151t, akik szint\u00e9n agg\u00f3dtak, mert\u00a0csak \u00a0h\u00edrekb\u0151l \u00e9rtes\u00fcltek az esem\u00e9nyekr\u0151l. D\u00e9lut\u00e1n apu pinc\u00e9j\u00e9ben\u00a0bet\u00f6mt\u00fcnk n\u00e9h\u00e1ny lyukat, hogy a f\u00e9lm\u00e9teres v\u00edz ne kapjon ut\u00e1np\u00f3tl\u00e1st,\u00a0\u00e9s a szivatty\u00fanak k\u00f6nnyebb dolga legyen.<br \/>\nK\u00f6zben a foly\u00f3 apadt, egyre t\u00f6bb utca v\u00e1lt l\u00e1that\u00f3v\u00e1, b\u00e1r a\u00a0csatornafedelek al\u00f3l m\u00e9g folyt a v\u00edz. D\u00e9lben korl\u00e1tozt\u00e1k a v\u00edznyom\u00e1st,\u00a0majd hallottuk, hogy Fels\u0151zsolc\u00e1t ki kell telep\u00edteni..nem nyugodtam\u00a0meg.<br \/>\nEste indultunk vissza. Miskolcon rend\u0151raut\u00f3k k\u00eds\u00e9rte konvoj tartott\u00a0Fels\u0151zsolca fel\u00e9, mi pedig a f\u0151v\u00e1ros fel\u00e9, a gondolataimba mer\u00fclve.<\/p>\n<p>Nem a r\u00e9gi bak pesszimista, egyszer\u0171en csak a realista \u00e9nem gondolja\u00a0\u00fagy, hogy a vil\u00e1gv\u00e9ge nev\u0171, egyre gyorsul\u00f3 folyamat r\u00e9szei vagyunk. Ez\u00a0itt az utols\u00f3 perc, \u00e9jf\u00e9l ut\u00e1n a pillang\u00f3 \u00e1lom nev\u0171 m\u00e1trix program\u00a0\u00fajraindul. Fejlett civiliz\u00e1ci\u00f3nk a terveknek megfelel\u0151en sikeresen\u00a0elpuszt\u00edtja \u00f6nmag\u00e1t.<\/p>\n<p>Nem tudom, h\u00e1ny term\u00e9szeti katasztr\u00f3fa, h\u00e1bor\u00fa, j\u00e1rv\u00e1ny kell m\u00e9g, nem\u00a0tudom h\u00e1ny fajnak kell kipusztulnia, h\u00e1ny gyereknek kell \u00e9hen halnia\u00a0ahhoz, hogy fel akarjunk \u00e9bredni&#8230;<br \/>\nTudom, sokan vannak, akik im\u00e1dkoznak. Sokan a nem \u00e1rt\u00e1s \u00datj\u00e1t k\u00f6vetik,\u00a0medit\u00e1lnak, mi a Kardr\u00e1nt\u00e1s m\u0171v\u00e9szet\u00e9t tanulm\u00e1nyozzuk, van akinek az arc\u00e1n az egy\u00fctt\u00e9rz\u00e9s k\u00f6nnycseppjei\u00a0csorognak, van, aki stoppal utazik a v\u00e1rosba, ahol a g\u00e1ton dolgozik\u00a0eg\u00e9sz nap, hogy seg\u00edtsen.<br \/>\nSokan vagyunk, sosem voltunk m\u00e9g ennyien!!!<\/p>\n<p>\u00c9n \u00e1llok a sorban, \u00e9s adom tov\u00e1bb a zs\u00e1kot.<\/p>\n<p>Neked is.<\/p>\n<\/div>\n\t\t<\/div><\/div><\/div><\/div>","protected":false},"excerpt":{"rendered":"<p>Otthon. Elvadult pillanatokban osztom a Dogonok hit\u00e9t, hogy egy olyan\u00a0bolyg\u00f3r\u00f3l sz\u00e1rmazom, amely a Sz\u00edriusz kett\u0151s csillagrendszer k\u00f6r\u00fcl\u00a0kering. Ha k\u00f6zelebbi helyet kell v\u00e1lasztani ott a hideg \u00e9s mag\u00e1nyos\u00a0\u00e9gi k\u00eds\u00e9r\u0151nk, a Hold&#8230;a F\u00f6ld\u00f6n pedig (ha nem vessz\u00fck figyelembe, hogy\u00a0elvonultan, egy kolostorban) Egerben \u00e9ln\u00e9k sz\u00edvesen. Budapest \u00f6r\u00f6kre\u00a0ideiglenes lakc\u00edm marad &#8211;\u00a0Edel\u00e9nyben viszont \u00e9letem els\u0151 k\u00e9tharmad\u00e1t\u00a0t\u00f6lt\u00f6ttem, teh\u00e1t legink\u00e1bb az az &hellip; <a href=\"https:\/\/shinbukan.hu\/?p=425\" class=\"more-link\"><span class=\"screen-reader-text\">&#8222;\u00c1rv\u00edz, Otthon &#8211; Sz. Imre&#8221;<\/span> b\u0151vebben<\/a><\/p>\n","protected":false},"author":2,"featured_media":0,"comment_status":"closed","ping_status":"open","sticky":false,"template":"","format":"standard","meta":{"footnotes":""},"categories":[6],"tags":[],"class_list":["post-425","post","type-post","status-publish","format-standard","hentry","category-esszek"],"_links":{"self":[{"href":"https:\/\/shinbukan.hu\/index.php?rest_route=\/wp\/v2\/posts\/425","targetHints":{"allow":["GET"]}}],"collection":[{"href":"https:\/\/shinbukan.hu\/index.php?rest_route=\/wp\/v2\/posts"}],"about":[{"href":"https:\/\/shinbukan.hu\/index.php?rest_route=\/wp\/v2\/types\/post"}],"author":[{"embeddable":true,"href":"https:\/\/shinbukan.hu\/index.php?rest_route=\/wp\/v2\/users\/2"}],"replies":[{"embeddable":true,"href":"https:\/\/shinbukan.hu\/index.php?rest_route=%2Fwp%2Fv2%2Fcomments&post=425"}],"version-history":[{"count":3,"href":"https:\/\/shinbukan.hu\/index.php?rest_route=\/wp\/v2\/posts\/425\/revisions"}],"predecessor-version":[{"id":19402,"href":"https:\/\/shinbukan.hu\/index.php?rest_route=\/wp\/v2\/posts\/425\/revisions\/19402"}],"wp:attachment":[{"href":"https:\/\/shinbukan.hu\/index.php?rest_route=%2Fwp%2Fv2%2Fmedia&parent=425"}],"wp:term":[{"taxonomy":"category","embeddable":true,"href":"https:\/\/shinbukan.hu\/index.php?rest_route=%2Fwp%2Fv2%2Fcategories&post=425"},{"taxonomy":"post_tag","embeddable":true,"href":"https:\/\/shinbukan.hu\/index.php?rest_route=%2Fwp%2Fv2%2Ftags&post=425"}],"curies":[{"name":"wp","href":"https:\/\/api.w.org\/{rel}","templated":true}]}}